{"id":3574,"date":"2020-07-02T00:23:40","date_gmt":"2020-07-02T04:23:40","guid":{"rendered":"http:\/\/laprovidenciaovalle.cl\/colegio\/?p=3574"},"modified":"2020-07-02T00:26:49","modified_gmt":"2020-07-02T04:26:49","slug":"carta-de-gradecimientos-del-centro-de-estudiantes-y-pastoral-de-nuestro-colegio-a-la-comunidad-providente","status":"publish","type":"post","link":"http:\/\/laprovidenciaovalle.cl\/colegio\/carta-de-gradecimientos-del-centro-de-estudiantes-y-pastoral-de-nuestro-colegio-a-la-comunidad-providente\/","title":{"rendered":"Carta de gradecimientos del centro de estudiantes y Pastoral de nuestro colegio a la comunidad Providente"},"content":{"rendered":"<p><img loading=\"lazy\" class=\"wp-image-3569 alignleft\" src=\"http:\/\/laprovidenciaovalle.cl\/colegio\/wp-content\/uploads\/2020\/07\/muchas-Gracias-300x300.png\" alt=\"\" width=\"353\" height=\"353\" srcset=\"http:\/\/laprovidenciaovalle.cl\/colegio\/wp-content\/uploads\/2020\/07\/muchas-Gracias-300x300.png 300w, http:\/\/laprovidenciaovalle.cl\/colegio\/wp-content\/uploads\/2020\/07\/muchas-Gracias-1024x1024.png 1024w, http:\/\/laprovidenciaovalle.cl\/colegio\/wp-content\/uploads\/2020\/07\/muchas-Gracias-150x150.png 150w, http:\/\/laprovidenciaovalle.cl\/colegio\/wp-content\/uploads\/2020\/07\/muchas-Gracias-768x768.png 768w, http:\/\/laprovidenciaovalle.cl\/colegio\/wp-content\/uploads\/2020\/07\/muchas-Gracias.png 1080w\" sizes=\"(max-width: 353px) 100vw, 353px\" \/><\/p>\n<p>&nbsp;<\/p>\n<h3>\u00a0 \u00a0 \u00a0 \u00a0 \u00a0 \u00a0 \u00a0 \u00a0 \u00a0 \u00a0 \u00a0 \u00a0 \u00a0 \u00a0 \u00a0 \u00a0 \u00a0 \u00a0 \u00a0<strong>\u00a0 \u00a0Carta de Agradecimientos<\/strong><\/h3>\n<p>&nbsp;<\/p>\n<p><strong>Con el coraz\u00f3n henchido de amor y alegr\u00eda, agradecemos a nuestras Hermanas de La Providencia, Hermanas: Cristina Urbina, administradora de nuestro Colegio, Ema Maureira Coordinadora de Pastoral, a\u00a0 nuestros directivos docentes, profesores, asistentes de la educaci\u00f3n, padres y apoderados, que se unieron con su trabajo activo, sus \u00a0generosos aportes a\u00a0 nuestra\u00a0 Campa\u00f1a Solidaria <\/strong><\/p>\n<p><strong>\u201cSOMOS PROVIDENCIA.\u00a0 <\/strong><\/p>\n<p><strong>Como profesoras asesoras de nuestro Centro de Estudiantes y Asistente de Pastoral, damos las gracias a nuestro Director, don Jorge Gormaz Barrientos, por su apoyo incondicional y permanente, as\u00ed como al profesorado y asistente de la educaci\u00f3n que nos colaboraron con su presencia activa durante todo el proceso de recolecci\u00f3n, acopio y entrega de las 112 cajas solidarias entregadas a las familias de nuestras estudiantes, cuyos padres se encuentran sin trabajo, a causa de la terrible pandemia que afecta a nuestro pa\u00eds y al mundo.<\/strong><\/p>\n<p><strong>Confiamos en seguir cultivando el AMOR FRATERNO, LA SOLIDARIDAD, en nuestro carisma de ser TERNURA DE DIOS para el que sufre.<\/strong><\/p>\n<p><strong>GRACIAS DIOS PADRE PROVIDENTE, PORQUE NOS UNES EN EL AMOR QUE SE MULTIPLICA EN LA ESPERANZA Y LA FE DE VOLVER A ABRAZARNOS OTRA VEZ<\/strong><\/p>\n<p><strong>GRACIAS MADRE BERNARDA POR SER NUESTRA INTERCESORA EN ESTA CAMPA\u00d1A Y EN TODO MOMENTO DE AFLICCI\u00d3N Y NECESIDAD.<\/strong><\/p>\n<p><strong>UNIDOS EN LA PROVIDENCIA, EN TU PROVIDENCIA SIEMPRE.<\/strong><\/p>\n<p><strong>AM\u00c9N.<\/strong><\/p>\n<p>&nbsp;<\/p>\n","protected":false},"excerpt":{"rendered":"<p>&nbsp; \u00a0 \u00a0 \u00a0 \u00a0 \u00a0 \u00a0 \u00a0 \u00a0 \u00a0 \u00a0 \u00a0 \u00a0 \u00a0 \u00a0 \u00a0 \u00a0 \u00a0 \u00a0 \u00a0\u00a0 \u00a0Carta de Agradecimientos &nbsp; Con el coraz\u00f3n henchido de amor y alegr\u00eda, agradecemos a nuestras Hermanas de La Providencia, Hermanas: Cristina Urbina, administradora de nuestro Colegio, Ema Maureira Coordinadora de Pastoral, a\u00a0 nuestros directivos docentes, profesores, asistentes de la educaci\u00f3n,&nbsp;<a href=\"http:\/\/laprovidenciaovalle.cl\/colegio\/carta-de-gradecimientos-del-centro-de-estudiantes-y-pastoral-de-nuestro-colegio-a-la-comunidad-providente\/\">[&hellip;]<\/a><\/p>\n","protected":false},"author":5,"featured_media":3569,"comment_status":"closed","ping_status":"closed","sticky":false,"template":"","format":"standard","meta":[],"categories":[16],"tags":[],"yoast_head":"<!-- This site is optimized with the Yoast SEO plugin v15.2 - https:\/\/yoast.com\/wordpress\/plugins\/seo\/ -->\n<title>Carta de gradecimientos del centro de estudiantes y Pastoral de nuestro colegio a la comunidad Providente - Colegio La Providencia<\/title>\n<meta name=\"robots\" content=\"index, follow, max-snippet:-1, max-image-preview:large, max-video-preview:-1\" \/>\n<link rel=\"canonical\" href=\"http:\/\/laprovidenciaovalle.cl\/colegio\/carta-de-gradecimientos-del-centro-de-estudiantes-y-pastoral-de-nuestro-colegio-a-la-comunidad-providente\/\" \/>\n<meta property=\"og:locale\" content=\"es_ES\" \/>\n<meta property=\"og:type\" content=\"article\" \/>\n<meta property=\"og:title\" content=\"Carta de gradecimientos del centro de estudiantes y Pastoral de nuestro colegio a la comunidad Providente - Colegio La Providencia\" \/>\n<meta property=\"og:description\" content=\"&nbsp; \u00a0 \u00a0 \u00a0 \u00a0 \u00a0 \u00a0 \u00a0 \u00a0 \u00a0 \u00a0 \u00a0 \u00a0 \u00a0 \u00a0 \u00a0 \u00a0 \u00a0 \u00a0 \u00a0\u00a0 \u00a0Carta de Agradecimientos &nbsp; Con el coraz\u00f3n henchido de amor y alegr\u00eda, agradecemos a nuestras Hermanas de La Providencia, Hermanas: Cristina Urbina, administradora de nuestro Colegio, Ema Maureira Coordinadora de Pastoral, a\u00a0 nuestros directivos docentes, profesores, asistentes de la educaci\u00f3n,&nbsp;[&hellip;]\" \/>\n<meta property=\"og:url\" content=\"http:\/\/laprovidenciaovalle.cl\/colegio\/carta-de-gradecimientos-del-centro-de-estudiantes-y-pastoral-de-nuestro-colegio-a-la-comunidad-providente\/\" \/>\n<meta property=\"og:site_name\" content=\"Colegio La Providencia\" \/>\n<meta property=\"article:published_time\" content=\"2020-07-02T04:23:40+00:00\" \/>\n<meta property=\"article:modified_time\" content=\"2020-07-02T04:26:49+00:00\" \/>\n<meta property=\"og:image\" content=\"http:\/\/laprovidenciaovalle.cl\/colegio\/wp-content\/uploads\/2020\/07\/muchas-Gracias.png\" \/>\n\t<meta property=\"og:image:width\" content=\"1080\" \/>\n\t<meta property=\"og:image:height\" content=\"1080\" \/>\n<meta name=\"twitter:card\" content=\"summary_large_image\" \/>\n<meta name=\"twitter:label1\" value=\"Escrito por\">\n\t<meta name=\"twitter:data1\" value=\"Comunicaciones Colegio\">\n\t<meta name=\"twitter:label2\" value=\"Tiempo de lectura\">\n\t<meta name=\"twitter:data2\" value=\"1 minuto\">\n<script type=\"application\/ld+json\" class=\"yoast-schema-graph\">{\"@context\":\"https:\/\/schema.org\",\"@graph\":[{\"@type\":\"WebSite\",\"@id\":\"http:\/\/laprovidenciaovalle.cl\/colegio\/#website\",\"url\":\"http:\/\/laprovidenciaovalle.cl\/colegio\/\",\"name\":\"Colegio La Providencia\",\"description\":\"Ovalle\",\"potentialAction\":[{\"@type\":\"SearchAction\",\"target\":\"http:\/\/laprovidenciaovalle.cl\/colegio\/?s={search_term_string}\",\"query-input\":\"required name=search_term_string\"}],\"inLanguage\":\"es\"},{\"@type\":\"ImageObject\",\"@id\":\"http:\/\/laprovidenciaovalle.cl\/colegio\/carta-de-gradecimientos-del-centro-de-estudiantes-y-pastoral-de-nuestro-colegio-a-la-comunidad-providente\/#primaryimage\",\"inLanguage\":\"es\",\"url\":\"http:\/\/laprovidenciaovalle.cl\/colegio\/wp-content\/uploads\/2020\/07\/muchas-Gracias.png\",\"width\":1080,\"height\":1080},{\"@type\":\"WebPage\",\"@id\":\"http:\/\/laprovidenciaovalle.cl\/colegio\/carta-de-gradecimientos-del-centro-de-estudiantes-y-pastoral-de-nuestro-colegio-a-la-comunidad-providente\/#webpage\",\"url\":\"http:\/\/laprovidenciaovalle.cl\/colegio\/carta-de-gradecimientos-del-centro-de-estudiantes-y-pastoral-de-nuestro-colegio-a-la-comunidad-providente\/\",\"name\":\"Carta de gradecimientos del centro de estudiantes y Pastoral de nuestro colegio a la comunidad Providente - Colegio La Providencia\",\"isPartOf\":{\"@id\":\"http:\/\/laprovidenciaovalle.cl\/colegio\/#website\"},\"primaryImageOfPage\":{\"@id\":\"http:\/\/laprovidenciaovalle.cl\/colegio\/carta-de-gradecimientos-del-centro-de-estudiantes-y-pastoral-de-nuestro-colegio-a-la-comunidad-providente\/#primaryimage\"},\"datePublished\":\"2020-07-02T04:23:40+00:00\",\"dateModified\":\"2020-07-02T04:26:49+00:00\",\"author\":{\"@id\":\"http:\/\/laprovidenciaovalle.cl\/colegio\/#\/schema\/person\/1035f45cd35e1948fb928fcdc74228fe\"},\"inLanguage\":\"es\",\"potentialAction\":[{\"@type\":\"ReadAction\",\"target\":[\"http:\/\/laprovidenciaovalle.cl\/colegio\/carta-de-gradecimientos-del-centro-de-estudiantes-y-pastoral-de-nuestro-colegio-a-la-comunidad-providente\/\"]}]},{\"@type\":\"Person\",\"@id\":\"http:\/\/laprovidenciaovalle.cl\/colegio\/#\/schema\/person\/1035f45cd35e1948fb928fcdc74228fe\",\"name\":\"Comunicaciones Colegio\",\"image\":{\"@type\":\"ImageObject\",\"@id\":\"http:\/\/laprovidenciaovalle.cl\/colegio\/#personlogo\",\"inLanguage\":\"es\",\"url\":\"http:\/\/2.gravatar.com\/avatar\/5d0b6f6fbda2852def0dc3e63e38d319?s=96&d=mm&r=g\",\"caption\":\"Comunicaciones Colegio\"}}]}<\/script>\n<!-- \/ Yoast SEO plugin. -->","_links":{"self":[{"href":"http:\/\/laprovidenciaovalle.cl\/colegio\/wp-json\/wp\/v2\/posts\/3574"}],"collection":[{"href":"http:\/\/laprovidenciaovalle.cl\/colegio\/wp-json\/wp\/v2\/posts"}],"about":[{"href":"http:\/\/laprovidenciaovalle.cl\/colegio\/wp-json\/wp\/v2\/types\/post"}],"author":[{"embeddable":true,"href":"http:\/\/laprovidenciaovalle.cl\/colegio\/wp-json\/wp\/v2\/users\/5"}],"replies":[{"embeddable":true,"href":"http:\/\/laprovidenciaovalle.cl\/colegio\/wp-json\/wp\/v2\/comments?post=3574"}],"version-history":[{"count":2,"href":"http:\/\/laprovidenciaovalle.cl\/colegio\/wp-json\/wp\/v2\/posts\/3574\/revisions"}],"predecessor-version":[{"id":3576,"href":"http:\/\/laprovidenciaovalle.cl\/colegio\/wp-json\/wp\/v2\/posts\/3574\/revisions\/3576"}],"wp:featuredmedia":[{"embeddable":true,"href":"http:\/\/laprovidenciaovalle.cl\/colegio\/wp-json\/wp\/v2\/media\/3569"}],"wp:attachment":[{"href":"http:\/\/laprovidenciaovalle.cl\/colegio\/wp-json\/wp\/v2\/media?parent=3574"}],"wp:term":[{"taxonomy":"category","embeddable":true,"href":"http:\/\/laprovidenciaovalle.cl\/colegio\/wp-json\/wp\/v2\/categories?post=3574"},{"taxonomy":"post_tag","embeddable":true,"href":"http:\/\/laprovidenciaovalle.cl\/colegio\/wp-json\/wp\/v2\/tags?post=3574"}],"curies":[{"name":"wp","href":"https:\/\/api.w.org\/{rel}","templated":true}]}}