{"id":3667,"date":"2020-08-14T15:47:25","date_gmt":"2020-08-14T19:47:25","guid":{"rendered":"http:\/\/laprovidenciaovalle.cl\/colegio\/?p=3667"},"modified":"2020-08-14T15:49:05","modified_gmt":"2020-08-14T19:49:05","slug":"ser-madres-padres-de-adolecentesque-gran-desafio","status":"publish","type":"post","link":"http:\/\/laprovidenciaovalle.cl\/colegio\/ser-madres-padres-de-adolecentesque-gran-desafio\/","title":{"rendered":"Ser madres\/padres de adolecentes\u2026Que gran desaf\u00edo"},"content":{"rendered":"<p>Querida familia providente, este art\u00edculo va dirigido con todo cari\u00f1o y respeto a nuestras mam\u00e1s, pap\u00e1s, abuelitas y abuelitos, que hoy est\u00e1n en el desaf\u00edo, natural y maravilloso de pasar la etapa de adolescencia con sus ni\u00f1as.<\/p>\n<p>Hoy en d\u00eda parece ser que la adolescencia se ha ido adelantando, vemos conductas que antes se detectaban a los 14, 15 a\u00f1os en nuestras ni\u00f1as de 12, 13 a\u00f1os. Las turbulencias emocionales de esta etapa son normales, adem\u00e1s de los cambios en sus estados de \u00e1nimo, tambi\u00e9n se suman cambios en sus conductas: piezas desordenadas, mucho o poco apetito, evitan las caricias que antes andaban solicitando: los abrazos y besos las averg\u00fcenzan m\u00e1s a\u00fan si hay gente presente, se enojan con facilidad ante cualquier comentario o broma si les ata\u00f1e\u2026 y ni hablar de sus cambios de look y de modos de vestir\u2026<\/p>\n<p><img loading=\"lazy\" class=\"size-medium wp-image-3670 alignleft\" src=\"http:\/\/laprovidenciaovalle.cl\/colegio\/wp-content\/uploads\/2020\/08\/dolecente-300x187.jpg\" alt=\"\" width=\"300\" height=\"187\" \/><\/p>\n<p>Son sucesos que pueden ocurrir durante la adolescencia, y la adolescencia es una etapa que no podemos evitar, as\u00ed como llega, en alg\u00fan momento tambi\u00e9n culminar\u00e1. Pero ser\u00e1 muy importante para determinar el proceso de madurez de su ni\u00f1a.<\/p>\n<p>La relaci\u00f3n y comunicaci\u00f3n con las adolescentes se vuelve todo un dilema, hacemos comparaciones de c\u00f3mo \u00e9ramos en esa edad y nuestra adolescente se ofusca a\u00fan m\u00e1s. Muchas veces la \u201cmala relaci\u00f3n\u201d viene desde las experiencias de la ni\u00f1ez, por ejemplo, si no acudiste cuando lloraba en su cuna, si no escuchaste sus quejas o le hiciste callar para poder ver la TV, \u00bfc\u00f3mo esperas que a los 13 a\u00f1os te diga lo que siente o las dificultades que tiene? Pero podemos solucionarlo, paciencia.\u00a0 Adem\u00e1s, a\u00fan en las infancias m\u00e1s felices, los cambios de la adolescencia pueden afectar las relaciones m\u00e1s estables, por eso en este art\u00edculo la idea es compartir algunos consejos que nos han compartido especialistas en el tema de la formaci\u00f3n en la adolescencia.<\/p>\n<p>Muchas veces queremos hijas que obedezcan siempre, sin reclamos ni quejas, y ante sus \u00bfpor qu\u00e9?\u00a0 Respondemos \u201cPorque lo digo yo\u201d, \u201cYo soy el adulto\u201d, \u201cHaz lo que te digo en silencio\u201d; los especialistas nos invitan a darnos el tiempo de darles una explicaci\u00f3n, de mirarlos a los ojos y tratar de que entiendan la raz\u00f3n de nuestras demandas; ese intento ya ser\u00e1 un mensaje subliminal que les ayudar\u00e1; y, al mismo tiempo, est\u00e1s valid\u00e1ndolo, y evitando que m\u00e1s adelante se acostumbre a obedecer, sin dudar o resistir, a invitaciones que pueden ser perjudiciales (drogas, abusos de poder o abusos afectivos o sexuales)<\/p>\n<p>Esto no quiere decir que no se establezcan l\u00edmites, siempre son necesarios, lo que queremos enfatizar es la importancia del di\u00e1logo y el entendimiento.<\/p>\n<p><img loading=\"lazy\" class=\" wp-image-3669 alignleft\" src=\"http:\/\/laprovidenciaovalle.cl\/colegio\/wp-content\/uploads\/2020\/08\/adolentes-2-300x150.jpg\" alt=\"\" width=\"376\" height=\"188\" srcset=\"http:\/\/laprovidenciaovalle.cl\/colegio\/wp-content\/uploads\/2020\/08\/adolentes-2-300x150.jpg 300w, http:\/\/laprovidenciaovalle.cl\/colegio\/wp-content\/uploads\/2020\/08\/adolentes-2-768x384.jpg 768w, http:\/\/laprovidenciaovalle.cl\/colegio\/wp-content\/uploads\/2020\/08\/adolentes-2-150x75.jpg 150w, http:\/\/laprovidenciaovalle.cl\/colegio\/wp-content\/uploads\/2020\/08\/adolentes-2.jpg 950w\" sizes=\"(max-width: 376px) 100vw, 376px\" \/><\/p>\n<p>PEQUE\u00d1OS Y SABIOS CONSEJOS:<\/p>\n<ul>\n<li>Refuerza sus cualidades positivas, en vez de decirle: \u00a1cu\u00e1ntas veces tengo que repetirte\u2026! \u00a1Av\u00edvate!&#8230; \u00a1Me tienen harta tus\u2026! Busca su mirada, con\u00e9ctate primero, y diles lo que quieres dici\u00e9ndole: t\u00fa tienes m\u00e1s fuerza\u2026 t\u00fa que eres m\u00e1s lista\u2026 t\u00fa siempre logras lo que quieres, ahora necesito que me ayudes con\u2026.<\/li>\n<li>No busques entender todos sus puntos de vista, ya el hecho de ser de generaciones distintas hace que veamos el mundo diferente, tal como nos pas\u00f3 alguna vez con nuestros propios padres o abuelos.<\/li>\n<li>Jam\u00e1s descalifiques a tu hija delante de otras personas, siempre recalca sus buenas cualidades ante los dem\u00e1s. Sus debilidades debes conversarlas con ellos de manera privada, en una conversaci\u00f3n constructiva: \u201cMira hija, he estado muy cansada por mi trabajo, necesito que me ayudes m\u00e1s con\u2026\u201d en vez de \u201cEres floja! No ayudas en nada!\u201d<\/li>\n<li>\u00bfAlguna vez te disculpaste con tus padres por lo que hiciste mal o fuiste testaruda o porfiada en tu adolescencia? A\u00fan es tiempo de hacerlo, pero si t\u00fa te demoraste muchos a\u00f1os, ten paciencia y dale tiempo a tu adolescente para que reconozca sus errores, gu\u00edala con cari\u00f1o, para que sus disculpas no tarden tanto tiempo pero s\u00ed sean disculpas con la real conciencia y aprendizaje de la acci\u00f3n o actitud incorrecta que realiz\u00f3.<\/li>\n<li>Cuando tengan diferencias, le llames la atenci\u00f3n o entren en alguna discusi\u00f3n, mant\u00e9n la calma, siempre como adulto debes tener el control emocional de la situaci\u00f3n, si pierdes la calma perdiste la batalla, cuanta hasta el n\u00famero que necesitas, si te sientes muy ofuscado\/a no digas nada, espera a calmarte y di las cosas cuando ya est\u00e9s tranquilo\/a, recuerda que las palabras que se dicen desde la rabia siempre son hirientes y dif\u00edciles de borrar.<\/li>\n<li>No siempre necesita que la acribillemos con preguntas cuando la vemos deca\u00edda o triste, te dir\u00e1 lo que siente en su momento, pero s\u00ed necesita que te sientes a su lado y le brindes un abrazo\u2026<\/li>\n<\/ul>\n<p><img loading=\"lazy\" class=\"wp-image-3671 alignleft\" src=\"http:\/\/laprovidenciaovalle.cl\/colegio\/wp-content\/uploads\/2020\/08\/adolecente-4-300x172.jpg\" alt=\"\" width=\"377\" height=\"216\" \/><\/p>\n<ul>\n<li>Todo en su justa medida: hay veces que ante situaciones peque\u00f1as explotamos y nos ponemos autoritarios y serios; guarda la gravedad para situaciones realmente importantes.<\/li>\n<li>No hagas por ellos lo que pueden hacer por s\u00ed mismos. Es nuestra labor ense\u00f1arles a ser independientes y responsables de s\u00ed mismos, ordenar su ropa, su pieza, sus \u00fatiles escolares, por ejemplo.<\/li>\n<li>No des sermones largos, espera el momento y conversa, dialoga, en un serm\u00f3n tu adolescente escuchar\u00e1 la primera oraci\u00f3n y en las siguientes su mente estar\u00e1 en un lugar muy lejano e inalcanzable.<\/li>\n<li>Dale responsabilidades, su rol principal es cumplir sus deberes escolares, sumando a eso el deber de mantener su pieza limpia, por ejemplo, o de ayudar una vez que termine sus tareas con el hogar. Siempre velando porque de igual manera debe tener sus momentos de descanso, necesario para cuidar su salud f\u00edsica y emocional.<\/li>\n<li>No la trates como ni\u00f1a peque\u00f1a, valida su crecimiento, p\u00eddele alguna opini\u00f3n\u2026<\/li>\n<li>Si comete errores, dale el espacio y tiempo para que los corrija.<\/li>\n<li>Respeta sus diferencias de opini\u00f3n, esc\u00fachalas en vez de imponer tus ideas.<\/li>\n<li>Pon l\u00edmites claros entre lo que permitir\u00edas y lo que no, todas las adolescentes necesitan l\u00edmites. Si no los pones pueden suceder dos cosas: que se sienta sola, abandonada ya que haga lo que haga pareciera que a ti no te importa, o bien se pondr\u00e1 rebelde, haciendo cosas cada vez peores buscando que alguien lo detenga\u2026 Cuando pongas tus normas, es normal que ellos muchas veces reclamen y traten de ir contra ellas, sigue reforzando la importancia de cumplir los l\u00edmites y si no los cumple, que tenga claridad de las consecuencias (no habr\u00e1 salidas, o TV, requisamiento del celular\u2026 etc.) Tu adolescente se enojar\u00e1, hasta puede hacer berriches\u2026 no entres en discusiones\u2026 s\u00f3lo cumple con tu palabra de lo que suceder\u00eda si ella no cumpl\u00eda, a ella se le pasar\u00e1 el enojo y el castigo se cumplir\u00e1; con esto le est\u00e1s mostrando el camino correcto a seguir, le transmitir\u00e1s la importancia de la firmeza y fomentar\u00e1s sus valores.<\/li>\n<\/ul>\n<p><img loading=\"lazy\" class=\"wp-image-3672 alignleft\" src=\"http:\/\/laprovidenciaovalle.cl\/colegio\/wp-content\/uploads\/2020\/08\/adolecente-5.jpg\" alt=\"\" width=\"355\" height=\"355\" \/><\/p>\n<p>El Amor a nuestras hijas debe ir de la mano del respeto, la tolerancia pero tambi\u00e9n de la firmeza y la responsabilidad. Debemos ser consecuentes y este gran desaf\u00edo lo lograremos con \u00e9xito.<\/p>\n<p>Esperamos que este art\u00edculo les sea \u00fatil, el equipo de Orientaci\u00f3n y Convivencia Escolar del Colegio les env\u00eda un fuerte abrazo de fuerza y \u00e1nimo en este tiempo de pandemia.<\/p>\n<p>Bibliograf\u00eda<\/p>\n<p><a href=\"https:\/\/www.mypsicologa.com\/mejorar-la-relacion-con-los-hijos-adolescentes\/\">https:\/\/www.mypsicologa.com\/mejorar-la-relacion-con-los-hijos-adolescentes\/<\/a><\/p>\n<p><a href=\"https:\/\/www.cuerpomente.com\/psicologia\/hijos\/convivir-adolescentes-8-consejos-padres-madres-apuros_1050\">https:\/\/www.cuerpomente.com\/psicologia\/hijos\/convivir-adolescentes-8-consejos-padres-madres-apuros_1050<\/a><\/p>\n","protected":false},"excerpt":{"rendered":"<p>Querida familia providente, este art\u00edculo va dirigido con todo cari\u00f1o y respeto a nuestras mam\u00e1s, pap\u00e1s, abuelitas y abuelitos, que hoy est\u00e1n en el desaf\u00edo, natural y maravilloso de pasar la etapa de adolescencia con sus ni\u00f1as. Hoy en d\u00eda parece ser que la adolescencia se ha ido adelantando, vemos conductas que antes se detectaban a los 14, 15 a\u00f1os&nbsp;<a href=\"http:\/\/laprovidenciaovalle.cl\/colegio\/ser-madres-padres-de-adolecentesque-gran-desafio\/\">[&hellip;]<\/a><\/p>\n","protected":false},"author":5,"featured_media":0,"comment_status":"closed","ping_status":"closed","sticky":false,"template":"","format":"standard","meta":[],"categories":[16],"tags":[],"yoast_head":"<!-- This site is optimized with the Yoast SEO plugin v15.2 - https:\/\/yoast.com\/wordpress\/plugins\/seo\/ -->\n<title>Ser madres\/padres de adolecentes\u2026Que gran desaf\u00edo - Colegio La Providencia<\/title>\n<meta name=\"robots\" content=\"index, follow, max-snippet:-1, max-image-preview:large, max-video-preview:-1\" \/>\n<link rel=\"canonical\" href=\"http:\/\/laprovidenciaovalle.cl\/colegio\/ser-madres-padres-de-adolecentesque-gran-desafio\/\" \/>\n<meta property=\"og:locale\" content=\"es_ES\" \/>\n<meta property=\"og:type\" content=\"article\" \/>\n<meta property=\"og:title\" content=\"Ser madres\/padres de adolecentes\u2026Que gran desaf\u00edo - Colegio La Providencia\" \/>\n<meta property=\"og:description\" content=\"Querida familia providente, este art\u00edculo va dirigido con todo cari\u00f1o y respeto a nuestras mam\u00e1s, pap\u00e1s, abuelitas y abuelitos, que hoy est\u00e1n en el desaf\u00edo, natural y maravilloso de pasar la etapa de adolescencia con sus ni\u00f1as. Hoy en d\u00eda parece ser que la adolescencia se ha ido adelantando, vemos conductas que antes se detectaban a los 14, 15 a\u00f1os&nbsp;[&hellip;]\" \/>\n<meta property=\"og:url\" content=\"http:\/\/laprovidenciaovalle.cl\/colegio\/ser-madres-padres-de-adolecentesque-gran-desafio\/\" \/>\n<meta property=\"og:site_name\" content=\"Colegio La Providencia\" \/>\n<meta property=\"article:published_time\" content=\"2020-08-14T19:47:25+00:00\" \/>\n<meta property=\"article:modified_time\" content=\"2020-08-14T19:49:05+00:00\" \/>\n<meta name=\"twitter:card\" content=\"summary_large_image\" \/>\n<meta name=\"twitter:label1\" value=\"Escrito por\">\n\t<meta name=\"twitter:data1\" value=\"Comunicaciones Colegio\">\n\t<meta name=\"twitter:label2\" value=\"Tiempo de lectura\">\n\t<meta name=\"twitter:data2\" value=\"5 minutos\">\n<script type=\"application\/ld+json\" class=\"yoast-schema-graph\">{\"@context\":\"https:\/\/schema.org\",\"@graph\":[{\"@type\":\"WebSite\",\"@id\":\"http:\/\/laprovidenciaovalle.cl\/colegio\/#website\",\"url\":\"http:\/\/laprovidenciaovalle.cl\/colegio\/\",\"name\":\"Colegio La Providencia\",\"description\":\"Ovalle\",\"potentialAction\":[{\"@type\":\"SearchAction\",\"target\":\"http:\/\/laprovidenciaovalle.cl\/colegio\/?s={search_term_string}\",\"query-input\":\"required name=search_term_string\"}],\"inLanguage\":\"es\"},{\"@type\":\"ImageObject\",\"@id\":\"http:\/\/laprovidenciaovalle.cl\/colegio\/ser-madres-padres-de-adolecentesque-gran-desafio\/#primaryimage\",\"inLanguage\":\"es\",\"url\":\"http:\/\/laprovidenciaovalle.cl\/colegio\/wp-content\/uploads\/2020\/08\/dolecente-300x187.jpg\"},{\"@type\":\"WebPage\",\"@id\":\"http:\/\/laprovidenciaovalle.cl\/colegio\/ser-madres-padres-de-adolecentesque-gran-desafio\/#webpage\",\"url\":\"http:\/\/laprovidenciaovalle.cl\/colegio\/ser-madres-padres-de-adolecentesque-gran-desafio\/\",\"name\":\"Ser madres\/padres de adolecentes\\u2026Que gran desaf\\u00edo - Colegio La Providencia\",\"isPartOf\":{\"@id\":\"http:\/\/laprovidenciaovalle.cl\/colegio\/#website\"},\"primaryImageOfPage\":{\"@id\":\"http:\/\/laprovidenciaovalle.cl\/colegio\/ser-madres-padres-de-adolecentesque-gran-desafio\/#primaryimage\"},\"datePublished\":\"2020-08-14T19:47:25+00:00\",\"dateModified\":\"2020-08-14T19:49:05+00:00\",\"author\":{\"@id\":\"http:\/\/laprovidenciaovalle.cl\/colegio\/#\/schema\/person\/1035f45cd35e1948fb928fcdc74228fe\"},\"inLanguage\":\"es\",\"potentialAction\":[{\"@type\":\"ReadAction\",\"target\":[\"http:\/\/laprovidenciaovalle.cl\/colegio\/ser-madres-padres-de-adolecentesque-gran-desafio\/\"]}]},{\"@type\":\"Person\",\"@id\":\"http:\/\/laprovidenciaovalle.cl\/colegio\/#\/schema\/person\/1035f45cd35e1948fb928fcdc74228fe\",\"name\":\"Comunicaciones Colegio\",\"image\":{\"@type\":\"ImageObject\",\"@id\":\"http:\/\/laprovidenciaovalle.cl\/colegio\/#personlogo\",\"inLanguage\":\"es\",\"url\":\"http:\/\/2.gravatar.com\/avatar\/5d0b6f6fbda2852def0dc3e63e38d319?s=96&d=mm&r=g\",\"caption\":\"Comunicaciones Colegio\"}}]}<\/script>\n<!-- \/ Yoast SEO plugin. -->","_links":{"self":[{"href":"http:\/\/laprovidenciaovalle.cl\/colegio\/wp-json\/wp\/v2\/posts\/3667"}],"collection":[{"href":"http:\/\/laprovidenciaovalle.cl\/colegio\/wp-json\/wp\/v2\/posts"}],"about":[{"href":"http:\/\/laprovidenciaovalle.cl\/colegio\/wp-json\/wp\/v2\/types\/post"}],"author":[{"embeddable":true,"href":"http:\/\/laprovidenciaovalle.cl\/colegio\/wp-json\/wp\/v2\/users\/5"}],"replies":[{"embeddable":true,"href":"http:\/\/laprovidenciaovalle.cl\/colegio\/wp-json\/wp\/v2\/comments?post=3667"}],"version-history":[{"count":2,"href":"http:\/\/laprovidenciaovalle.cl\/colegio\/wp-json\/wp\/v2\/posts\/3667\/revisions"}],"predecessor-version":[{"id":3674,"href":"http:\/\/laprovidenciaovalle.cl\/colegio\/wp-json\/wp\/v2\/posts\/3667\/revisions\/3674"}],"wp:attachment":[{"href":"http:\/\/laprovidenciaovalle.cl\/colegio\/wp-json\/wp\/v2\/media?parent=3667"}],"wp:term":[{"taxonomy":"category","embeddable":true,"href":"http:\/\/laprovidenciaovalle.cl\/colegio\/wp-json\/wp\/v2\/categories?post=3667"},{"taxonomy":"post_tag","embeddable":true,"href":"http:\/\/laprovidenciaovalle.cl\/colegio\/wp-json\/wp\/v2\/tags?post=3667"}],"curies":[{"name":"wp","href":"https:\/\/api.w.org\/{rel}","templated":true}]}}