{"id":3680,"date":"2020-08-23T12:43:12","date_gmt":"2020-08-23T16:43:12","guid":{"rendered":"http:\/\/laprovidenciaovalle.cl\/colegio\/?p=3680"},"modified":"2020-08-23T12:43:12","modified_gmt":"2020-08-23T16:43:12","slug":"sexualidad-afectividad-y-genero-pubertad-adolecencia-e-identidad","status":"publish","type":"post","link":"http:\/\/laprovidenciaovalle.cl\/colegio\/sexualidad-afectividad-y-genero-pubertad-adolecencia-e-identidad\/","title":{"rendered":"Sexualidad, Afectividad y G\u00e9nero: Pubertad, Adolecencia e Identidad"},"content":{"rendered":"<p><img loading=\"lazy\" class=\"wp-image-2549 alignleft\" src=\"http:\/\/laprovidenciaovalle.cl\/colegio\/wp-content\/uploads\/2019\/12\/Insignias-Colegio-Providencia-Ovalle-186x300.jpg\" alt=\"\" width=\"86\" height=\"139\" srcset=\"http:\/\/laprovidenciaovalle.cl\/colegio\/wp-content\/uploads\/2019\/12\/Insignias-Colegio-Providencia-Ovalle-186x300.jpg 186w, http:\/\/laprovidenciaovalle.cl\/colegio\/wp-content\/uploads\/2019\/12\/Insignias-Colegio-Providencia-Ovalle-635x1024.jpg 635w, http:\/\/laprovidenciaovalle.cl\/colegio\/wp-content\/uploads\/2019\/12\/Insignias-Colegio-Providencia-Ovalle-768x1238.jpg 768w, http:\/\/laprovidenciaovalle.cl\/colegio\/wp-content\/uploads\/2019\/12\/Insignias-Colegio-Providencia-Ovalle-953x1536.jpg 953w, http:\/\/laprovidenciaovalle.cl\/colegio\/wp-content\/uploads\/2019\/12\/Insignias-Colegio-Providencia-Ovalle-93x150.jpg 93w, http:\/\/laprovidenciaovalle.cl\/colegio\/wp-content\/uploads\/2019\/12\/Insignias-Colegio-Providencia-Ovalle.jpg 1032w\" sizes=\"(max-width: 86px) 100vw, 86px\" \/><\/p>\n<p>&nbsp;<\/p>\n<p>&nbsp;<\/p>\n<p>Convivencia Escolar y Orientaci\u00f3n 2020<\/p>\n<p>&nbsp;<\/p>\n<p><img loading=\"lazy\" class=\"size-medium wp-image-3676 alignleft\" src=\"http:\/\/laprovidenciaovalle.cl\/colegio\/wp-content\/uploads\/2020\/08\/imagen-articulo-1-1-300x169.jpg\" alt=\"\" width=\"300\" height=\"169\" \/><\/p>\n<p>&nbsp;<\/p>\n<p>Querida familia providente, esperamos que se encuentren muy bien, cuid\u00e1ndose en sus hogares.\u00a0 En el marco de la Educaci\u00f3n Afectiva y Sexual que estamos tratando, hoy queremos hablar con ustedes sobre el desarrollo y cambios en el proceso de crecimiento de nuestras ni\u00f1as.<\/p>\n<p>Tenemos estudiantes que est\u00e1n en pleno proceso de pubertad (7\u00b0, 8 \u00b0 b\u00e1sico y 1\u00b0 medio aprox.) y adolescentes (2\u00b0 a 4\u00b0 medio).<\/p>\n<p>&nbsp;<\/p>\n<p><img loading=\"lazy\" class=\"size-full wp-image-3677 alignleft\" src=\"http:\/\/laprovidenciaovalle.cl\/colegio\/wp-content\/uploads\/2020\/08\/imagen-2-e1598200764938.jpg\" alt=\"\" width=\"428\" height=\"495\" \/><\/p>\n<p>En la pubertad el cuerpo infantil comienza a convertirse en cuerpo de mujer. Entre los 14 y 15 a\u00f1os comienza la adolescencia, donde vivimos un proceso de desarrollo corporal, endocrino, psicol\u00f3gico y social que va m\u00e1s all\u00e1 del cambio f\u00edsico.<\/p>\n<p>Durante la pubertad los aumentos hormonales son la principal causa de cambios f\u00edsicos: Crecimiento (el llamado \u201cestir\u00f3n\u201d donde aumentan en estatura y peso), madurez de los genitales, primera menstruaci\u00f3n, cambios en la voz. Durante esta etapa se comienza a consolidar la identidad sexual de una persona, por eso es tan importante en este tiempo reforzar nuestra autoestima y nuestro estilo de vida saludable en todo sentido, tanto f\u00edsico como emocional.<\/p>\n<p>En el caso de las ni\u00f1as, comienzan a madurar antes que los varones, y sus cambios emocionales suelen ser m\u00e1s intensos, son m\u00e1s cr\u00edticas consigo mismas, se centran en su imagen corporal y comienzan a realizar comparaciones que no siempre ayudan con su autoconcepto; es primordial en esta etapa reforzar sus cualidades positivas, cuidar su alimentaci\u00f3n e incluir rutinas de ejercicios para encauzar positivamente este proceso, ayud\u00e1ndolas as\u00ed a reforzar su autoestima, lo que generar\u00e1 en ellas mayor confianza y liderazgo para su vida social.<\/p>\n<p>Es aqu\u00ed donde debemos estar atentos a los referentes sociales que nuestras p\u00faberes o adolescentes escogen, muchas veces los modelos de belleza establecidos en el cine y la televisi\u00f3n son demasiado extremos, tanto en peso como en c\u00e1nones de \u201chermosura\u201d, lo que hace que no aprecien su propia belleza. Generar conversaciones sobre la belleza como un \u201cproducto comercial\u201d, reflexiones sobre los conceptos de lo que consideramos bello y valioso, en familia y con sus amistades o compa\u00f1eras es un buen consejo para abordar de manera m\u00e1s real nuestros prejuicios o autocr\u00edticas al respecto.<\/p>\n<p><img loading=\"lazy\" class=\"wp-image-3678 aligncenter\" src=\"http:\/\/laprovidenciaovalle.cl\/colegio\/wp-content\/uploads\/2020\/08\/imagen-3.jpg\" alt=\"\" width=\"364\" height=\"271\" \/><\/p>\n<p>Nuestras ni\u00f1as en esta etapa comienzan a indagar en su coqueter\u00eda, es totalmente normal que cambien su estilo de vestirse, y comiencen a usar cosm\u00e9ticos, forma parte de su b\u00fasqueda de identidad sexual.<\/p>\n<p><img loading=\"lazy\" class=\"size-full wp-image-3679 alignleft\" src=\"http:\/\/laprovidenciaovalle.cl\/colegio\/wp-content\/uploads\/2020\/08\/imagen-4.jpg\" alt=\"\" width=\"288\" height=\"450\" \/><\/p>\n<p>La identidad sexual es el sentido de pertenencia que se desarrolla frente a un g\u00e9nero, femenino o masculino.<\/p>\n<p>La orientaci\u00f3n sexual, por otra parte, es aquella en la cual sentimos atracci\u00f3n rom\u00e1ntica hacia el otro\/otra.<\/p>\n<p>En cuanto a la Orientaci\u00f3n sexual se distinguen:<\/p>\n<p>La Heterosexualidad: Cuando la persona siente atracci\u00f3n rom\u00e1ntica y f\u00edsica por personas del sexo opuesto.<\/p>\n<p>La Homosexualidad: Cuando la persona siente atracci\u00f3n rom\u00e1ntica y f\u00edsica hacia personas del su mismo sexo.<\/p>\n<p>Bisexualidad: Las personas sienten atracci\u00f3n rom\u00e1ntica y f\u00edsica por personas del sexo opuesto y de su mismo sexo.<\/p>\n<p>Asexualidad: Personas que no sienten atracci\u00f3n sexual, no tienen inter\u00e9s en el sexo pero s\u00ed logran tener cercan\u00eda emocional el otro\/a.<\/p>\n<p>Tanto la orientaci\u00f3n sexual como la identidad sexual se van cimentando en nuestra adolescencia para alcanzar su madurez durante nuestra juventud.<\/p>\n<p>&nbsp;<\/p>\n<p>Esperamos que este art\u00edculo haya sido de su inter\u00e9s y de ayuda en la comprensi\u00f3n del proceso afectivo y sexual de nuestras adolescentes. El Equipo de Convivencia Escolar les env\u00eda un afectuoso abrazo y mucho \u00e1nimo y paciencia para este tiempo de cuarentena en Ovalle, lo m\u00e1s importante es cuidarnos, respetarnos y salir juntos adelante.<\/p>\n<p>Bibliograf\u00eda<\/p>\n<p><a href=\"http:\/\/www.psicoterapeutas.com\/paginaspersonales\/Teresa\/sexualidad_adolescencia.html\">http:\/\/www.psicoterapeutas.com\/paginaspersonales\/Teresa\/sexualidad_adolescencia.html<\/a><\/p>\n<p><a href=\"https:\/\/kidshealth.org\/es\/teens\/sexual-orientation-esp.html\">https:\/\/kidshealth.org\/es\/teens\/sexual-orientation-esp.html<\/a><\/p>\n","protected":false},"excerpt":{"rendered":"<p>&nbsp; &nbsp; Convivencia Escolar y Orientaci\u00f3n 2020 &nbsp; &nbsp; Querida familia providente, esperamos que se encuentren muy bien, cuid\u00e1ndose en sus hogares.\u00a0 En el marco de la Educaci\u00f3n Afectiva y Sexual que estamos tratando, hoy queremos hablar con ustedes sobre el desarrollo y cambios en el proceso de crecimiento de nuestras ni\u00f1as. Tenemos estudiantes que est\u00e1n en pleno proceso de&nbsp;<a href=\"http:\/\/laprovidenciaovalle.cl\/colegio\/sexualidad-afectividad-y-genero-pubertad-adolecencia-e-identidad\/\">[&hellip;]<\/a><\/p>\n","protected":false},"author":5,"featured_media":0,"comment_status":"closed","ping_status":"closed","sticky":false,"template":"","format":"standard","meta":[],"categories":[16],"tags":[],"yoast_head":"<!-- This site is optimized with the Yoast SEO plugin v15.2 - https:\/\/yoast.com\/wordpress\/plugins\/seo\/ -->\n<title>Sexualidad, Afectividad y G\u00e9nero: Pubertad, Adolecencia e Identidad - Colegio La Providencia<\/title>\n<meta name=\"robots\" content=\"index, follow, max-snippet:-1, max-image-preview:large, max-video-preview:-1\" \/>\n<link rel=\"canonical\" href=\"http:\/\/laprovidenciaovalle.cl\/colegio\/sexualidad-afectividad-y-genero-pubertad-adolecencia-e-identidad\/\" \/>\n<meta property=\"og:locale\" content=\"es_ES\" \/>\n<meta property=\"og:type\" content=\"article\" \/>\n<meta property=\"og:title\" content=\"Sexualidad, Afectividad y G\u00e9nero: Pubertad, Adolecencia e Identidad - Colegio La Providencia\" \/>\n<meta property=\"og:description\" content=\"&nbsp; &nbsp; Convivencia Escolar y Orientaci\u00f3n 2020 &nbsp; &nbsp; Querida familia providente, esperamos que se encuentren muy bien, cuid\u00e1ndose en sus hogares.\u00a0 En el marco de la Educaci\u00f3n Afectiva y Sexual que estamos tratando, hoy queremos hablar con ustedes sobre el desarrollo y cambios en el proceso de crecimiento de nuestras ni\u00f1as. Tenemos estudiantes que est\u00e1n en pleno proceso de&nbsp;[&hellip;]\" \/>\n<meta property=\"og:url\" content=\"http:\/\/laprovidenciaovalle.cl\/colegio\/sexualidad-afectividad-y-genero-pubertad-adolecencia-e-identidad\/\" \/>\n<meta property=\"og:site_name\" content=\"Colegio La Providencia\" \/>\n<meta property=\"article:published_time\" content=\"2020-08-23T16:43:12+00:00\" \/>\n<meta name=\"twitter:card\" content=\"summary_large_image\" \/>\n<meta name=\"twitter:label1\" value=\"Escrito por\">\n\t<meta name=\"twitter:data1\" value=\"Comunicaciones Colegio\">\n\t<meta name=\"twitter:label2\" value=\"Tiempo de lectura\">\n\t<meta name=\"twitter:data2\" value=\"3 minutos\">\n<script type=\"application\/ld+json\" class=\"yoast-schema-graph\">{\"@context\":\"https:\/\/schema.org\",\"@graph\":[{\"@type\":\"WebSite\",\"@id\":\"http:\/\/laprovidenciaovalle.cl\/colegio\/#website\",\"url\":\"http:\/\/laprovidenciaovalle.cl\/colegio\/\",\"name\":\"Colegio La Providencia\",\"description\":\"Ovalle\",\"potentialAction\":[{\"@type\":\"SearchAction\",\"target\":\"http:\/\/laprovidenciaovalle.cl\/colegio\/?s={search_term_string}\",\"query-input\":\"required name=search_term_string\"}],\"inLanguage\":\"es\"},{\"@type\":\"ImageObject\",\"@id\":\"http:\/\/laprovidenciaovalle.cl\/colegio\/sexualidad-afectividad-y-genero-pubertad-adolecencia-e-identidad\/#primaryimage\",\"inLanguage\":\"es\",\"url\":\"http:\/\/laprovidenciaovalle.cl\/colegio\/wp-content\/uploads\/2019\/12\/Insignias-Colegio-Providencia-Ovalle.jpg\",\"width\":1032,\"height\":1664},{\"@type\":\"WebPage\",\"@id\":\"http:\/\/laprovidenciaovalle.cl\/colegio\/sexualidad-afectividad-y-genero-pubertad-adolecencia-e-identidad\/#webpage\",\"url\":\"http:\/\/laprovidenciaovalle.cl\/colegio\/sexualidad-afectividad-y-genero-pubertad-adolecencia-e-identidad\/\",\"name\":\"Sexualidad, Afectividad y G\\u00e9nero: Pubertad, Adolecencia e Identidad - Colegio La Providencia\",\"isPartOf\":{\"@id\":\"http:\/\/laprovidenciaovalle.cl\/colegio\/#website\"},\"primaryImageOfPage\":{\"@id\":\"http:\/\/laprovidenciaovalle.cl\/colegio\/sexualidad-afectividad-y-genero-pubertad-adolecencia-e-identidad\/#primaryimage\"},\"datePublished\":\"2020-08-23T16:43:12+00:00\",\"dateModified\":\"2020-08-23T16:43:12+00:00\",\"author\":{\"@id\":\"http:\/\/laprovidenciaovalle.cl\/colegio\/#\/schema\/person\/1035f45cd35e1948fb928fcdc74228fe\"},\"inLanguage\":\"es\",\"potentialAction\":[{\"@type\":\"ReadAction\",\"target\":[\"http:\/\/laprovidenciaovalle.cl\/colegio\/sexualidad-afectividad-y-genero-pubertad-adolecencia-e-identidad\/\"]}]},{\"@type\":\"Person\",\"@id\":\"http:\/\/laprovidenciaovalle.cl\/colegio\/#\/schema\/person\/1035f45cd35e1948fb928fcdc74228fe\",\"name\":\"Comunicaciones Colegio\",\"image\":{\"@type\":\"ImageObject\",\"@id\":\"http:\/\/laprovidenciaovalle.cl\/colegio\/#personlogo\",\"inLanguage\":\"es\",\"url\":\"http:\/\/2.gravatar.com\/avatar\/5d0b6f6fbda2852def0dc3e63e38d319?s=96&d=mm&r=g\",\"caption\":\"Comunicaciones Colegio\"}}]}<\/script>\n<!-- \/ Yoast SEO plugin. -->","_links":{"self":[{"href":"http:\/\/laprovidenciaovalle.cl\/colegio\/wp-json\/wp\/v2\/posts\/3680"}],"collection":[{"href":"http:\/\/laprovidenciaovalle.cl\/colegio\/wp-json\/wp\/v2\/posts"}],"about":[{"href":"http:\/\/laprovidenciaovalle.cl\/colegio\/wp-json\/wp\/v2\/types\/post"}],"author":[{"embeddable":true,"href":"http:\/\/laprovidenciaovalle.cl\/colegio\/wp-json\/wp\/v2\/users\/5"}],"replies":[{"embeddable":true,"href":"http:\/\/laprovidenciaovalle.cl\/colegio\/wp-json\/wp\/v2\/comments?post=3680"}],"version-history":[{"count":1,"href":"http:\/\/laprovidenciaovalle.cl\/colegio\/wp-json\/wp\/v2\/posts\/3680\/revisions"}],"predecessor-version":[{"id":3681,"href":"http:\/\/laprovidenciaovalle.cl\/colegio\/wp-json\/wp\/v2\/posts\/3680\/revisions\/3681"}],"wp:attachment":[{"href":"http:\/\/laprovidenciaovalle.cl\/colegio\/wp-json\/wp\/v2\/media?parent=3680"}],"wp:term":[{"taxonomy":"category","embeddable":true,"href":"http:\/\/laprovidenciaovalle.cl\/colegio\/wp-json\/wp\/v2\/categories?post=3680"},{"taxonomy":"post_tag","embeddable":true,"href":"http:\/\/laprovidenciaovalle.cl\/colegio\/wp-json\/wp\/v2\/tags?post=3680"}],"curies":[{"name":"wp","href":"https:\/\/api.w.org\/{rel}","templated":true}]}}