{"id":3683,"date":"2020-08-26T14:49:21","date_gmt":"2020-08-26T18:49:21","guid":{"rendered":"http:\/\/laprovidenciaovalle.cl\/colegio\/?p=3683"},"modified":"2020-08-26T14:49:21","modified_gmt":"2020-08-26T18:49:21","slug":"26-de-agosto-dia-de-la-educacion-tecnico-profesional","status":"publish","type":"post","link":"http:\/\/laprovidenciaovalle.cl\/colegio\/26-de-agosto-dia-de-la-educacion-tecnico-profesional\/","title":{"rendered":"26 de agosto, D\u00eda de la Educaci\u00f3n T\u00e9cnico Profesional"},"content":{"rendered":"<p><img loading=\"lazy\" class=\"wp-image-2549 alignleft\" src=\"http:\/\/laprovidenciaovalle.cl\/colegio\/wp-content\/uploads\/2019\/12\/Insignias-Colegio-Providencia-Ovalle.jpg\" alt=\"\" width=\"102\" height=\"165\" srcset=\"http:\/\/laprovidenciaovalle.cl\/colegio\/wp-content\/uploads\/2019\/12\/Insignias-Colegio-Providencia-Ovalle.jpg 1032w, http:\/\/laprovidenciaovalle.cl\/colegio\/wp-content\/uploads\/2019\/12\/Insignias-Colegio-Providencia-Ovalle-186x300.jpg 186w, http:\/\/laprovidenciaovalle.cl\/colegio\/wp-content\/uploads\/2019\/12\/Insignias-Colegio-Providencia-Ovalle-635x1024.jpg 635w, http:\/\/laprovidenciaovalle.cl\/colegio\/wp-content\/uploads\/2019\/12\/Insignias-Colegio-Providencia-Ovalle-768x1238.jpg 768w, http:\/\/laprovidenciaovalle.cl\/colegio\/wp-content\/uploads\/2019\/12\/Insignias-Colegio-Providencia-Ovalle-953x1536.jpg 953w, http:\/\/laprovidenciaovalle.cl\/colegio\/wp-content\/uploads\/2019\/12\/Insignias-Colegio-Providencia-Ovalle-93x150.jpg 93w\" sizes=\"(max-width: 102px) 100vw, 102px\" \/><\/p>\n<p>&nbsp;<\/p>\n<p>Esta fecha conmemora la creaci\u00f3n, el 26 de agosto de 1942, de la Direcci\u00f3n General de Ense\u00f1anza Profesional, reconociendo la importancia de la Educaci\u00f3n TP.<\/p>\n<p>Fue bajo la presidencia de Juan Antonio R\u00edos, que el 26 de agosto del a\u00f1o 1942 se crea la Direcci\u00f3n General de Ense\u00f1anza Profesional, reconociendo la importancia de la Educaci\u00f3n T\u00e9cnico Profesional en el desarrollo productivo del pa\u00eds.<\/p>\n<p>Fuente: Mineduc<\/p>\n<p>Querida comunidad:<\/p>\n<p>Reciban un cari\u00f1oso saludo en el d\u00eda en que como pa\u00eds conmemoramos la Educaci\u00f3n T\u00e9cnico Profesional, sea este un d\u00eda en que nos fortalezcamos en su valor e importancia para las familias que hoy son parte de nuestra comunidad educativa y para quienes han pasado por nuestras aulas y son hoy, testimonio de la formaci\u00f3n y del sello de nuestra comunidad Providente.<\/p>\n<p>Agradecer a nuestros docentes y asistentes de la educaci\u00f3n por su dedicaci\u00f3n y compromiso, por su trabajo diario de sol a sol, por su preocupaci\u00f3n constante, por su compromiso para nuestro proyecto educativo. Que Dios Padre Providente les siga fortaleciendo en la fe y nos regale como comunidad la vocaci\u00f3n de seguir formando las mejores t\u00e9cnicas para nuestra regi\u00f3n, con un sello \u00fanico y que brota de la fe y del amor en Dios Padre Providente y que nos han permitido conocer y vivir las hermanas de la congregaci\u00f3n.<\/p>\n<p>Hacemos llegar un saludo a cada una de nuestras estudiantes y familias de nuestras cuatro especialidades y las motivamos en este contexto de pandemia, a seguir luchando por sus sue\u00f1os, a desarrollar sus talentos y todas sus potencialidades, para as\u00ed seguir aprendiendo aquella carrera t\u00e9cnica que han elegido o van a elegir.<\/p>\n<p>&nbsp;<\/p>\n<p style=\"text-align: center;\"><em>Providencia de Dios, yo creo en ti,<\/em><\/p>\n<p style=\"text-align: center;\"><em>Providencia de Dios, yo espero en ti,<\/em><\/p>\n<p style=\"text-align: center;\"><em>Providencia de Dios, yo te amo con todo mi coraz\u00f3n,<\/em><\/p>\n<p style=\"text-align: center;\"><em>Providencia de Dios, yo te agradezco por todo lo que haces y velas por m\u00ed.<\/em><\/p>\n<p><em>\u00a0<\/em><\/p>\n<p style=\"text-align: center;\"><strong><em>Jorge Gormaz Barrientos<\/em><\/strong><\/p>\n<p style=\"text-align: center;\"><strong><em>Director<\/em><\/strong><\/p>\n","protected":false},"excerpt":{"rendered":"<p>&nbsp; Esta fecha conmemora la creaci\u00f3n, el 26 de agosto de 1942, de la Direcci\u00f3n General de Ense\u00f1anza Profesional, reconociendo la importancia de la Educaci\u00f3n TP. Fue bajo la presidencia de Juan Antonio R\u00edos, que el 26 de agosto del a\u00f1o 1942 se crea la Direcci\u00f3n General de Ense\u00f1anza Profesional, reconociendo la importancia de la Educaci\u00f3n T\u00e9cnico Profesional en el&nbsp;<a href=\"http:\/\/laprovidenciaovalle.cl\/colegio\/26-de-agosto-dia-de-la-educacion-tecnico-profesional\/\">[&hellip;]<\/a><\/p>\n","protected":false},"author":5,"featured_media":3682,"comment_status":"closed","ping_status":"closed","sticky":false,"template":"","format":"standard","meta":[],"categories":[16],"tags":[],"yoast_head":"<!-- This site is optimized with the Yoast SEO plugin v15.2 - https:\/\/yoast.com\/wordpress\/plugins\/seo\/ -->\n<title>26 de agosto, D\u00eda de la Educaci\u00f3n T\u00e9cnico Profesional - Colegio La Providencia<\/title>\n<meta name=\"robots\" content=\"index, follow, max-snippet:-1, max-image-preview:large, max-video-preview:-1\" \/>\n<link rel=\"canonical\" href=\"http:\/\/laprovidenciaovalle.cl\/colegio\/26-de-agosto-dia-de-la-educacion-tecnico-profesional\/\" \/>\n<meta property=\"og:locale\" content=\"es_ES\" \/>\n<meta property=\"og:type\" content=\"article\" \/>\n<meta property=\"og:title\" content=\"26 de agosto, D\u00eda de la Educaci\u00f3n T\u00e9cnico Profesional - Colegio La Providencia\" \/>\n<meta property=\"og:description\" content=\"&nbsp; Esta fecha conmemora la creaci\u00f3n, el 26 de agosto de 1942, de la Direcci\u00f3n General de Ense\u00f1anza Profesional, reconociendo la importancia de la Educaci\u00f3n TP. Fue bajo la presidencia de Juan Antonio R\u00edos, que el 26 de agosto del a\u00f1o 1942 se crea la Direcci\u00f3n General de Ense\u00f1anza Profesional, reconociendo la importancia de la Educaci\u00f3n T\u00e9cnico Profesional en el&nbsp;[&hellip;]\" \/>\n<meta property=\"og:url\" content=\"http:\/\/laprovidenciaovalle.cl\/colegio\/26-de-agosto-dia-de-la-educacion-tecnico-profesional\/\" \/>\n<meta property=\"og:site_name\" content=\"Colegio La Providencia\" \/>\n<meta property=\"article:published_time\" content=\"2020-08-26T18:49:21+00:00\" \/>\n<meta property=\"og:image\" content=\"http:\/\/laprovidenciaovalle.cl\/colegio\/wp-content\/uploads\/2020\/08\/dia-educacion-tp.jpg\" \/>\n\t<meta property=\"og:image:width\" content=\"900\" \/>\n\t<meta property=\"og:image:height\" content=\"333\" \/>\n<meta name=\"twitter:card\" content=\"summary_large_image\" \/>\n<meta name=\"twitter:label1\" value=\"Escrito por\">\n\t<meta name=\"twitter:data1\" value=\"Comunicaciones Colegio\">\n\t<meta name=\"twitter:label2\" value=\"Tiempo de lectura\">\n\t<meta name=\"twitter:data2\" value=\"1 minuto\">\n<script type=\"application\/ld+json\" class=\"yoast-schema-graph\">{\"@context\":\"https:\/\/schema.org\",\"@graph\":[{\"@type\":\"WebSite\",\"@id\":\"http:\/\/laprovidenciaovalle.cl\/colegio\/#website\",\"url\":\"http:\/\/laprovidenciaovalle.cl\/colegio\/\",\"name\":\"Colegio La Providencia\",\"description\":\"Ovalle\",\"potentialAction\":[{\"@type\":\"SearchAction\",\"target\":\"http:\/\/laprovidenciaovalle.cl\/colegio\/?s={search_term_string}\",\"query-input\":\"required name=search_term_string\"}],\"inLanguage\":\"es\"},{\"@type\":\"ImageObject\",\"@id\":\"http:\/\/laprovidenciaovalle.cl\/colegio\/26-de-agosto-dia-de-la-educacion-tecnico-profesional\/#primaryimage\",\"inLanguage\":\"es\",\"url\":\"http:\/\/laprovidenciaovalle.cl\/colegio\/wp-content\/uploads\/2020\/08\/dia-educacion-tp.jpg\",\"width\":900,\"height\":333},{\"@type\":\"WebPage\",\"@id\":\"http:\/\/laprovidenciaovalle.cl\/colegio\/26-de-agosto-dia-de-la-educacion-tecnico-profesional\/#webpage\",\"url\":\"http:\/\/laprovidenciaovalle.cl\/colegio\/26-de-agosto-dia-de-la-educacion-tecnico-profesional\/\",\"name\":\"26 de agosto, D\\u00eda de la Educaci\\u00f3n T\\u00e9cnico Profesional - Colegio La Providencia\",\"isPartOf\":{\"@id\":\"http:\/\/laprovidenciaovalle.cl\/colegio\/#website\"},\"primaryImageOfPage\":{\"@id\":\"http:\/\/laprovidenciaovalle.cl\/colegio\/26-de-agosto-dia-de-la-educacion-tecnico-profesional\/#primaryimage\"},\"datePublished\":\"2020-08-26T18:49:21+00:00\",\"dateModified\":\"2020-08-26T18:49:21+00:00\",\"author\":{\"@id\":\"http:\/\/laprovidenciaovalle.cl\/colegio\/#\/schema\/person\/1035f45cd35e1948fb928fcdc74228fe\"},\"inLanguage\":\"es\",\"potentialAction\":[{\"@type\":\"ReadAction\",\"target\":[\"http:\/\/laprovidenciaovalle.cl\/colegio\/26-de-agosto-dia-de-la-educacion-tecnico-profesional\/\"]}]},{\"@type\":\"Person\",\"@id\":\"http:\/\/laprovidenciaovalle.cl\/colegio\/#\/schema\/person\/1035f45cd35e1948fb928fcdc74228fe\",\"name\":\"Comunicaciones Colegio\",\"image\":{\"@type\":\"ImageObject\",\"@id\":\"http:\/\/laprovidenciaovalle.cl\/colegio\/#personlogo\",\"inLanguage\":\"es\",\"url\":\"http:\/\/2.gravatar.com\/avatar\/5d0b6f6fbda2852def0dc3e63e38d319?s=96&d=mm&r=g\",\"caption\":\"Comunicaciones Colegio\"}}]}<\/script>\n<!-- \/ Yoast SEO plugin. -->","_links":{"self":[{"href":"http:\/\/laprovidenciaovalle.cl\/colegio\/wp-json\/wp\/v2\/posts\/3683"}],"collection":[{"href":"http:\/\/laprovidenciaovalle.cl\/colegio\/wp-json\/wp\/v2\/posts"}],"about":[{"href":"http:\/\/laprovidenciaovalle.cl\/colegio\/wp-json\/wp\/v2\/types\/post"}],"author":[{"embeddable":true,"href":"http:\/\/laprovidenciaovalle.cl\/colegio\/wp-json\/wp\/v2\/users\/5"}],"replies":[{"embeddable":true,"href":"http:\/\/laprovidenciaovalle.cl\/colegio\/wp-json\/wp\/v2\/comments?post=3683"}],"version-history":[{"count":1,"href":"http:\/\/laprovidenciaovalle.cl\/colegio\/wp-json\/wp\/v2\/posts\/3683\/revisions"}],"predecessor-version":[{"id":3684,"href":"http:\/\/laprovidenciaovalle.cl\/colegio\/wp-json\/wp\/v2\/posts\/3683\/revisions\/3684"}],"wp:featuredmedia":[{"embeddable":true,"href":"http:\/\/laprovidenciaovalle.cl\/colegio\/wp-json\/wp\/v2\/media\/3682"}],"wp:attachment":[{"href":"http:\/\/laprovidenciaovalle.cl\/colegio\/wp-json\/wp\/v2\/media?parent=3683"}],"wp:term":[{"taxonomy":"category","embeddable":true,"href":"http:\/\/laprovidenciaovalle.cl\/colegio\/wp-json\/wp\/v2\/categories?post=3683"},{"taxonomy":"post_tag","embeddable":true,"href":"http:\/\/laprovidenciaovalle.cl\/colegio\/wp-json\/wp\/v2\/tags?post=3683"}],"curies":[{"name":"wp","href":"https:\/\/api.w.org\/{rel}","templated":true}]}}