{"id":3702,"date":"2020-09-11T01:13:05","date_gmt":"2020-09-11T04:13:05","guid":{"rendered":"http:\/\/laprovidenciaovalle.cl\/colegio\/?p=3702"},"modified":"2020-09-11T01:13:28","modified_gmt":"2020-09-11T04:13:28","slug":"nuestra-propia-fonda-dieciochera","status":"publish","type":"post","link":"http:\/\/laprovidenciaovalle.cl\/colegio\/nuestra-propia-fonda-dieciochera\/","title":{"rendered":"\u00a1Nuestra propia Fonda Dieciochera!"},"content":{"rendered":"<p><img loading=\"lazy\" class=\"wp-image-2549 alignleft\" src=\"http:\/\/laprovidenciaovalle.cl\/colegio\/wp-content\/uploads\/2019\/12\/Insignias-Colegio-Providencia-Ovalle.jpg\" alt=\"\" width=\"93\" height=\"150\" srcset=\"http:\/\/laprovidenciaovalle.cl\/colegio\/wp-content\/uploads\/2019\/12\/Insignias-Colegio-Providencia-Ovalle.jpg 1032w, http:\/\/laprovidenciaovalle.cl\/colegio\/wp-content\/uploads\/2019\/12\/Insignias-Colegio-Providencia-Ovalle-186x300.jpg 186w, http:\/\/laprovidenciaovalle.cl\/colegio\/wp-content\/uploads\/2019\/12\/Insignias-Colegio-Providencia-Ovalle-635x1024.jpg 635w, http:\/\/laprovidenciaovalle.cl\/colegio\/wp-content\/uploads\/2019\/12\/Insignias-Colegio-Providencia-Ovalle-768x1238.jpg 768w, http:\/\/laprovidenciaovalle.cl\/colegio\/wp-content\/uploads\/2019\/12\/Insignias-Colegio-Providencia-Ovalle-953x1536.jpg 953w, http:\/\/laprovidenciaovalle.cl\/colegio\/wp-content\/uploads\/2019\/12\/Insignias-Colegio-Providencia-Ovalle-93x150.jpg 93w\" sizes=\"(max-width: 93px) 100vw, 93px\" \/><\/p>\n<p>&nbsp;<\/p>\n<p style=\"text-align: center;\">CONVIVENCIA ESCOLAR<\/p>\n<p style=\"text-align: center;\">2020<\/p>\n<p style=\"text-align: center;\">COLEGIO LA PROVIDENCIA- OVALLE<\/p>\n<p>&nbsp;<\/p>\n<p><img loading=\"lazy\" class=\"size-full wp-image-3698 alignleft\" src=\"http:\/\/laprovidenciaovalle.cl\/colegio\/wp-content\/uploads\/2020\/09\/art-1.jpg\" alt=\"\" width=\"512\" height=\"512\" \/><\/p>\n<p>Estamos en el mes de la Patria, \u00e9se que nos recuerda esa identidad latente que nos acompa\u00f1a d\u00eda a d\u00eda, que nos hace pensar en nuestras costumbres, en nuestras tradiciones, pero, sobre todo, en aquellos valores que nos distinguen y que nos hacen ser un pueblo que se acoge a s\u00ed mismo solidariamente.<\/p>\n<p>Celebramos 210 a\u00f1os de independencia, donde conmemoramos la Primera Junta Nacional de Gobierno.\u00a0 Otros a\u00f1os en estas fechas las pancartas llenaban nuestras calles invitando a fondas, actividades dieciocheras que inclu\u00edan juegos, bailes, competencias\u2026 donde nos aglomer\u00e1bamos felices en torno a un esp\u00edritu de celebraci\u00f3n nacional.<\/p>\n<p>Este a\u00f1o la invitaci\u00f3n es a celebrar de manera distinta, pero no por eso debe ser menos alegre o entusiasta.\u00a0 En familia podemos realizar actividades durante estos d\u00edas de fiesta, que nos sirvan para compartir, re\u00edr, relajarnos e incentivar nuestra chilenidad.\u00a0 Les invitamos a sacar los trompos, las tradicionales bolitas, rayuela, volantines, emboque, bailar, hacer karaoke de canciones chilenas, dependiendo de nuestros espacios y opciones la idea es hacer de este 18 una celebraci\u00f3n familiar, en casa, y por eso mismo con m\u00e1s alegr\u00eda, con m\u00e1s entusiasmo, haciendo gala de esa creatividad y picard\u00eda que siempre hemos tenido como chilenos.<\/p>\n<p><img loading=\"lazy\" class=\"size-full wp-image-3699 alignright\" src=\"http:\/\/laprovidenciaovalle.cl\/colegio\/wp-content\/uploads\/2020\/09\/art-2.jpg\" alt=\"\" width=\"600\" height=\"445\" \/><\/p>\n<p>&nbsp;<\/p>\n<p><strong>Es por este motivo que queremos evidenciar esta chispa del pueblo de Chile, y queremos invitarles a poner nombres creativos a sus fondas (la fonda que tendr\u00e1n en su casa), escribirlo en cualquier material que tengan en casa y colgarlo en alg\u00fan lugar del hogar.\u00a0 Tambi\u00e9n a compartir con nuestra comunidad educativa, en los comentarios de este art\u00edculo, sus fotos, con el nombre que crearon, las actividades que realizaron, sus juegos, bailes, la invitaci\u00f3n es a compartir nuestra celebraci\u00f3n dieciochera contagiando alegr\u00eda, buen humor y m<\/strong><strong>ucho esp\u00edritu patriota.<\/strong><\/p>\n<p>&nbsp;<\/p>\n<p>&nbsp;<\/p>\n<p>&nbsp;<\/p>\n<p><img loading=\"lazy\" class=\" wp-image-3700 aligncenter\" src=\"http:\/\/laprovidenciaovalle.cl\/colegio\/wp-content\/uploads\/2020\/09\/art-3.png\" alt=\"\" width=\"790\" height=\"303\" srcset=\"http:\/\/laprovidenciaovalle.cl\/colegio\/wp-content\/uploads\/2020\/09\/art-3.png 662w, http:\/\/laprovidenciaovalle.cl\/colegio\/wp-content\/uploads\/2020\/09\/art-3-300x115.png 300w, http:\/\/laprovidenciaovalle.cl\/colegio\/wp-content\/uploads\/2020\/09\/art-3-150x58.png 150w\" sizes=\"(max-width: 790px) 100vw, 790px\" \/><\/p>\n<p>Les recordamos adem\u00e1s que tenemos un gran concurso, el primero de Convivencia Escolar, donde nuestros talentos en canto y baile pueden lucir sus habilidades en un video que enviar\u00e1n desde el pasado lunes 07 de septiembre hasta el lunes 21 de septiembre, los que se ir\u00e1n publicando (previa autorizaci\u00f3n) a medida que vayan llegando en nuestras redes sociales. \u00a1\u00a1\u00a1No olviden revisar las bases y participar!!!<\/p>\n<p><img loading=\"lazy\" class=\"wp-image-3701 aligncenter\" src=\"http:\/\/laprovidenciaovalle.cl\/colegio\/wp-content\/uploads\/2020\/09\/art-4.png\" alt=\"\" width=\"777\" height=\"437\" \/><\/p>\n<p>&nbsp;<\/p>\n<p style=\"text-align: center;\"><strong>\u00a1\u00a1\u00a1FELIZ 18!!!!<\/strong><\/p>\n","protected":false},"excerpt":{"rendered":"<p>&nbsp; CONVIVENCIA ESCOLAR 2020 COLEGIO LA PROVIDENCIA- OVALLE &nbsp; Estamos en el mes de la Patria, \u00e9se que nos recuerda esa identidad latente que nos acompa\u00f1a d\u00eda a d\u00eda, que nos hace pensar en nuestras costumbres, en nuestras tradiciones, pero, sobre todo, en aquellos valores que nos distinguen y que nos hacen ser un pueblo que se acoge a s\u00ed&nbsp;<a href=\"http:\/\/laprovidenciaovalle.cl\/colegio\/nuestra-propia-fonda-dieciochera\/\">[&hellip;]<\/a><\/p>\n","protected":false},"author":5,"featured_media":0,"comment_status":"closed","ping_status":"closed","sticky":false,"template":"","format":"standard","meta":[],"categories":[16],"tags":[],"yoast_head":"<!-- This site is optimized with the Yoast SEO plugin v15.2 - https:\/\/yoast.com\/wordpress\/plugins\/seo\/ -->\n<title>\u00a1Nuestra propia Fonda Dieciochera! - Colegio La Providencia<\/title>\n<meta name=\"robots\" content=\"index, follow, max-snippet:-1, max-image-preview:large, max-video-preview:-1\" \/>\n<link rel=\"canonical\" href=\"http:\/\/laprovidenciaovalle.cl\/colegio\/nuestra-propia-fonda-dieciochera\/\" \/>\n<meta property=\"og:locale\" content=\"es_ES\" \/>\n<meta property=\"og:type\" content=\"article\" \/>\n<meta property=\"og:title\" content=\"\u00a1Nuestra propia Fonda Dieciochera! - Colegio La Providencia\" \/>\n<meta property=\"og:description\" content=\"&nbsp; CONVIVENCIA ESCOLAR 2020 COLEGIO LA PROVIDENCIA- OVALLE &nbsp; Estamos en el mes de la Patria, \u00e9se que nos recuerda esa identidad latente que nos acompa\u00f1a d\u00eda a d\u00eda, que nos hace pensar en nuestras costumbres, en nuestras tradiciones, pero, sobre todo, en aquellos valores que nos distinguen y que nos hacen ser un pueblo que se acoge a s\u00ed&nbsp;[&hellip;]\" \/>\n<meta property=\"og:url\" content=\"http:\/\/laprovidenciaovalle.cl\/colegio\/nuestra-propia-fonda-dieciochera\/\" \/>\n<meta property=\"og:site_name\" content=\"Colegio La Providencia\" \/>\n<meta property=\"article:published_time\" content=\"2020-09-11T04:13:05+00:00\" \/>\n<meta property=\"article:modified_time\" content=\"2020-09-11T04:13:28+00:00\" \/>\n<meta name=\"twitter:card\" content=\"summary_large_image\" \/>\n<meta name=\"twitter:label1\" value=\"Escrito por\">\n\t<meta name=\"twitter:data1\" value=\"Comunicaciones Colegio\">\n\t<meta name=\"twitter:label2\" value=\"Tiempo de lectura\">\n\t<meta name=\"twitter:data2\" value=\"2 minutos\">\n<script type=\"application\/ld+json\" class=\"yoast-schema-graph\">{\"@context\":\"https:\/\/schema.org\",\"@graph\":[{\"@type\":\"WebSite\",\"@id\":\"http:\/\/laprovidenciaovalle.cl\/colegio\/#website\",\"url\":\"http:\/\/laprovidenciaovalle.cl\/colegio\/\",\"name\":\"Colegio La Providencia\",\"description\":\"Ovalle\",\"potentialAction\":[{\"@type\":\"SearchAction\",\"target\":\"http:\/\/laprovidenciaovalle.cl\/colegio\/?s={search_term_string}\",\"query-input\":\"required name=search_term_string\"}],\"inLanguage\":\"es\"},{\"@type\":\"ImageObject\",\"@id\":\"http:\/\/laprovidenciaovalle.cl\/colegio\/nuestra-propia-fonda-dieciochera\/#primaryimage\",\"inLanguage\":\"es\",\"url\":\"http:\/\/laprovidenciaovalle.cl\/colegio\/wp-content\/uploads\/2019\/12\/Insignias-Colegio-Providencia-Ovalle.jpg\",\"width\":1032,\"height\":1664},{\"@type\":\"WebPage\",\"@id\":\"http:\/\/laprovidenciaovalle.cl\/colegio\/nuestra-propia-fonda-dieciochera\/#webpage\",\"url\":\"http:\/\/laprovidenciaovalle.cl\/colegio\/nuestra-propia-fonda-dieciochera\/\",\"name\":\"\\u00a1Nuestra propia Fonda Dieciochera! - Colegio La Providencia\",\"isPartOf\":{\"@id\":\"http:\/\/laprovidenciaovalle.cl\/colegio\/#website\"},\"primaryImageOfPage\":{\"@id\":\"http:\/\/laprovidenciaovalle.cl\/colegio\/nuestra-propia-fonda-dieciochera\/#primaryimage\"},\"datePublished\":\"2020-09-11T04:13:05+00:00\",\"dateModified\":\"2020-09-11T04:13:28+00:00\",\"author\":{\"@id\":\"http:\/\/laprovidenciaovalle.cl\/colegio\/#\/schema\/person\/1035f45cd35e1948fb928fcdc74228fe\"},\"inLanguage\":\"es\",\"potentialAction\":[{\"@type\":\"ReadAction\",\"target\":[\"http:\/\/laprovidenciaovalle.cl\/colegio\/nuestra-propia-fonda-dieciochera\/\"]}]},{\"@type\":\"Person\",\"@id\":\"http:\/\/laprovidenciaovalle.cl\/colegio\/#\/schema\/person\/1035f45cd35e1948fb928fcdc74228fe\",\"name\":\"Comunicaciones Colegio\",\"image\":{\"@type\":\"ImageObject\",\"@id\":\"http:\/\/laprovidenciaovalle.cl\/colegio\/#personlogo\",\"inLanguage\":\"es\",\"url\":\"http:\/\/2.gravatar.com\/avatar\/5d0b6f6fbda2852def0dc3e63e38d319?s=96&d=mm&r=g\",\"caption\":\"Comunicaciones Colegio\"}}]}<\/script>\n<!-- \/ Yoast SEO plugin. -->","_links":{"self":[{"href":"http:\/\/laprovidenciaovalle.cl\/colegio\/wp-json\/wp\/v2\/posts\/3702"}],"collection":[{"href":"http:\/\/laprovidenciaovalle.cl\/colegio\/wp-json\/wp\/v2\/posts"}],"about":[{"href":"http:\/\/laprovidenciaovalle.cl\/colegio\/wp-json\/wp\/v2\/types\/post"}],"author":[{"embeddable":true,"href":"http:\/\/laprovidenciaovalle.cl\/colegio\/wp-json\/wp\/v2\/users\/5"}],"replies":[{"embeddable":true,"href":"http:\/\/laprovidenciaovalle.cl\/colegio\/wp-json\/wp\/v2\/comments?post=3702"}],"version-history":[{"count":1,"href":"http:\/\/laprovidenciaovalle.cl\/colegio\/wp-json\/wp\/v2\/posts\/3702\/revisions"}],"predecessor-version":[{"id":3703,"href":"http:\/\/laprovidenciaovalle.cl\/colegio\/wp-json\/wp\/v2\/posts\/3702\/revisions\/3703"}],"wp:attachment":[{"href":"http:\/\/laprovidenciaovalle.cl\/colegio\/wp-json\/wp\/v2\/media?parent=3702"}],"wp:term":[{"taxonomy":"category","embeddable":true,"href":"http:\/\/laprovidenciaovalle.cl\/colegio\/wp-json\/wp\/v2\/categories?post=3702"},{"taxonomy":"post_tag","embeddable":true,"href":"http:\/\/laprovidenciaovalle.cl\/colegio\/wp-json\/wp\/v2\/tags?post=3702"}],"curies":[{"name":"wp","href":"https:\/\/api.w.org\/{rel}","templated":true}]}}