{"id":3903,"date":"2020-11-27T14:57:40","date_gmt":"2020-11-27T17:57:40","guid":{"rendered":"http:\/\/laprovidenciaovalle.cl\/colegio\/?p=3903"},"modified":"2020-11-27T14:57:40","modified_gmt":"2020-11-27T17:57:40","slug":"concurso-rastros-y-huellas-de-mi-colegio","status":"publish","type":"post","link":"http:\/\/laprovidenciaovalle.cl\/colegio\/concurso-rastros-y-huellas-de-mi-colegio\/","title":{"rendered":"CONCURSO \u201cRASTROS Y HUELLAS DE MI COLEGIO\u201d"},"content":{"rendered":"<p>Invitamos a nuestras estudiantes a participar del siguiente concurso que Covivencia Escolar ha preparado para nuestras estudiantes.<\/p>\n<p><strong>Objetivo: <\/strong>Fortalecer el sentido de pertenencia a trav\u00e9s de la creaci\u00f3n art\u00edstica de un retrato o pintura de lugares o personas significativas del Colegio.<\/p>\n<p><strong>Valor: GRATITUD. <\/strong>Se trabaja el valor de la gratitud a trav\u00e9s de la mirada afectuosa a sus vivencias y conocimiento del Colegio, de la vida escolar diaria, de su historia y de las vivencias en su trayectoria como estudiantes de La Providencia.<\/p>\n<p><strong>Actividad: <\/strong>Se divide el colegio en dos Categor\u00edas:<\/p>\n<p><strong>A: <\/strong>7\u00b0, 8\u00b0 B\u00e1sico, Primeros medios y Segundos Medios.<\/p>\n<p><strong>B<\/strong>: \u00a0Terceros y Cuartos medios.<\/p>\n<p>La creaci\u00f3n art\u00edstica puede ser una pintura o retrato (materiales libres, a elecci\u00f3n de la estudiante), la hoja, lienzo o el soporte para su pintura tambi\u00e9n es a libre elecci\u00f3n, s\u00f3lo debe cumplir el tama\u00f1o que debe ser m\u00ednimo el de una hoja de block N\u00b0 99 (Tama\u00f1o 37,5 x 53,5 cms.)<\/p>\n<p><strong>Descripci\u00f3n: <\/strong>El tema de la pintura debe estar relacionado al Colegio, puede ser relacionado tanto con la historia, las religiosas que han sido trascendentales en el carisma del Colegio La Providencia, o de sus vivencias diarias en el Colegio, alg\u00fan Patio especial, la fachada, las estudiantes realizando alguna actividad especial, las alabanzas de pentecost\u00e9s en el patio del Colegio\u2026 son algunas ideas, ustedes deben buscar ese momento o figura especial que quieran plasmar con su arte.\u00a0 Cada Trabajo debe tener un t\u00edtulo, el que deben escribir en la parte de atr\u00e1s de la pintura o retrato, junto a su nombre completo y curso.\u00a0 Deber\u00e1n adjuntar, adem\u00e1s una autorizaci\u00f3n simple, firmada por ustedes y por sus apoderados, para publicar sus trabajos en nuestras redes sociales y\/o en alguna exposici\u00f3n que podr\u00edamos realizar en alguna oportunidad en nuestro Colegio.<\/p>\n<p>Ej. De autorizaci\u00f3n:<\/p>\n<hr \/>\n<p>\u201cYo (nombre de la estudiante) autorizo que se exponga por las redes sociales y\/o por otros medios que el Colegio estime convenientes, mi creaci\u00f3n art\u00edstica titulada (nombre de la obra) junto a mi nombre como autora\u201d firma: ____________ Fecha: ________________<\/p>\n<p>Nombre Apoderado: _____________________________\u00a0 Firma: ________________________<\/p>\n<p><strong>\u00a0<\/strong><\/p>\n<hr \/>\n<p><strong>\u00a0<\/strong><strong>Tiempos: <\/strong>Las bases se socializar\u00e1n el d\u00eda Mi\u00e9rcoles 18 de Noviembre y los trabajos ser\u00e1n recibidos desde el Viernes 27 de Noviembre al Viernes 18 de Diciembre, en la Porter\u00eda de nuestro Colegio, los d\u00edas lunes, mi\u00e9rcoles y viernes de cada semana.<\/p>\n<p>La fecha de premiaci\u00f3n se confirmar\u00e1 por las redes sociales de nuestro Colegio.<\/p>\n<p><strong>\u00a0<\/strong><strong>Premiaci\u00f3n: <\/strong>Se premiar\u00e1n los 3 primeros lugares de cada categor\u00eda:<\/p>\n<p>1\u00b0 Lugar: Una Tablet Samsun 32 GB wifi 8\u201d.<\/p>\n<p>2\u00b0 Lugar: Un atril m\u00e1s un set de pinturas y pinceles.<\/p>\n<p>3\u00b0 Lugar: Set de pinturas y pinceles.<\/p>\n<p><strong>Pauta de Evaluaci\u00f3n<\/strong><\/p>\n<p>Nombre estudiante: \u2026\u2026\u2026\u2026\u2026\u2026\u2026\u2026\u2026\u2026\u2026\u2026\u2026\u2026\u2026\u2026\u2026\u2026\u2026\u2026\u2026\u2026\u2026\u2026\u2026\u2026\u2026. Curso: \u2026\u2026\u2026\u2026\u2026\u2026\u2026\u2026\u2026\u2026\u2026<\/p>\n<p>Nombre del Jurado: \u2026\u2026\u2026\u2026\u2026\u2026\u2026\u2026\u2026\u2026\u2026\u2026\u2026\u2026\u2026\u2026\u2026\u2026\u2026\u2026\u2026\u2026\u2026\u2026\u2026\u2026\u2026\u2026\u2026\u2026\u2026\u2026\u2026\u2026\u2026\u2026\u2026\u2026\u2026\u2026\u2026\u2026.<\/p>\n<table>\n<tbody>\n<tr>\n<td width=\"142\">Indicadores\/puntaje<\/td>\n<td width=\"112\">1<\/td>\n<td width=\"112\">2<\/td>\n<td width=\"114\">3<\/td>\n<td width=\"86\">Pje. asignado<\/td>\n<\/tr>\n<tr>\n<td width=\"142\">Retrato o Pintura<\/td>\n<td width=\"112\">El retrato o pintura es simple y poco expresivo.<\/td>\n<td width=\"112\">El retrato o pintura logra transmitir una idea, pero le falta expresividad y no causa mayor asombro.<\/td>\n<td width=\"114\">El retrato o pintura es interesante, expresivo, llama la atenci\u00f3n de observador y produce asombro o deleite.<\/td>\n<td width=\"86\">&nbsp;<\/td>\n<\/tr>\n<tr>\n<td width=\"142\">Destreza al pintar<\/td>\n<td width=\"112\">La pintura, ya sea a color o en la escala de grises y negros, es desprolija y desorganizada.<\/td>\n<td width=\"112\">La pintura, ya sea a color o en la escala de grises y negros, est\u00e1 bien aplicada pero le falta mayor organizaci\u00f3n y textura.<\/td>\n<td width=\"114\">La pintura, tanto a color como en escala de grises, est\u00e1 planeada de manera l\u00f3gica, dando realce al conjunto visual y a cada detalle, logrando armon\u00eda visual.<\/td>\n<td width=\"86\">&nbsp;<\/td>\n<\/tr>\n<tr>\n<td width=\"142\">Creatividad<\/td>\n<td width=\"112\">El retrato o pintura carece de creatividad.<\/td>\n<td width=\"112\">El retrato o pintura es medianamente creativo.<\/td>\n<td width=\"114\">El retrato o pintura se destaca por su creatividad.<\/td>\n<td width=\"86\">&nbsp;<\/td>\n<\/tr>\n<tr>\n<td width=\"142\">Pertinencia<\/td>\n<td width=\"112\">El retrato o pintura no tiene relaci\u00f3n con el tema planteado.<\/td>\n<td width=\"112\">El retrato o pintura se relaciona difusamente el tema planteado.<\/td>\n<td width=\"114\">El retrato o pintura expresa con claridad el tema planteado.<\/td>\n<td width=\"86\">&nbsp;<\/td>\n<\/tr>\n<tr>\n<td width=\"142\">T\u00edtulo representativo y original.<\/td>\n<td width=\"112\">El t\u00edtulo no tiene relaci\u00f3n con la pintura.<\/td>\n<td width=\"112\">El t\u00edtulo es adecuado a la pintura pero carece de originalidad.<\/td>\n<td width=\"114\">El t\u00edtulo representa lo expresado en la pintura y posee originalidad.<\/td>\n<td width=\"86\">&nbsp;<\/td>\n<\/tr>\n<tr>\n<td width=\"142\">Est\u00e9tica<\/td>\n<td width=\"112\">El dibujo o retrato es grotesco o tosco.<\/td>\n<td width=\"112\">El dibujo o retrato tiene una est\u00e9tica simple y adecuada.<\/td>\n<td width=\"114\">El dibujo o retrato se destaca por su est\u00e9tica, destacando armon\u00eda y belleza en su contemplaci\u00f3n.<\/td>\n<td width=\"86\">&nbsp;<\/td>\n<\/tr>\n<tr>\n<td width=\"142\">Puntaje total<\/td>\n<td colspan=\"3\" width=\"338\">&nbsp;<\/td>\n<td width=\"86\">&nbsp;<\/td>\n<\/tr>\n<\/tbody>\n<\/table>\n<p>&nbsp;<\/p>\n","protected":false},"excerpt":{"rendered":"<p>Invitamos a nuestras estudiantes a participar del siguiente concurso que Covivencia Escolar ha preparado para nuestras estudiantes. Objetivo: Fortalecer el sentido de pertenencia a trav\u00e9s de la creaci\u00f3n art\u00edstica de un retrato o pintura de lugares o personas significativas del Colegio. Valor: GRATITUD. Se trabaja el valor de la gratitud a trav\u00e9s de la mirada afectuosa a sus vivencias y&nbsp;<a href=\"http:\/\/laprovidenciaovalle.cl\/colegio\/concurso-rastros-y-huellas-de-mi-colegio\/\">[&hellip;]<\/a><\/p>\n","protected":false},"author":5,"featured_media":3902,"comment_status":"closed","ping_status":"closed","sticky":false,"template":"","format":"standard","meta":[],"categories":[40],"tags":[],"yoast_head":"<!-- This site is optimized with the Yoast SEO plugin v15.2 - https:\/\/yoast.com\/wordpress\/plugins\/seo\/ -->\n<title>CONCURSO \u201cRASTROS Y HUELLAS DE MI COLEGIO\u201d - Colegio La Providencia<\/title>\n<meta name=\"robots\" content=\"index, follow, max-snippet:-1, max-image-preview:large, max-video-preview:-1\" \/>\n<link rel=\"canonical\" href=\"http:\/\/laprovidenciaovalle.cl\/colegio\/concurso-rastros-y-huellas-de-mi-colegio\/\" \/>\n<meta property=\"og:locale\" content=\"es_ES\" \/>\n<meta property=\"og:type\" content=\"article\" \/>\n<meta property=\"og:title\" content=\"CONCURSO \u201cRASTROS Y HUELLAS DE MI COLEGIO\u201d - Colegio La Providencia\" \/>\n<meta property=\"og:description\" content=\"Invitamos a nuestras estudiantes a participar del siguiente concurso que Covivencia Escolar ha preparado para nuestras estudiantes. Objetivo: Fortalecer el sentido de pertenencia a trav\u00e9s de la creaci\u00f3n art\u00edstica de un retrato o pintura de lugares o personas significativas del Colegio. Valor: GRATITUD. Se trabaja el valor de la gratitud a trav\u00e9s de la mirada afectuosa a sus vivencias y&nbsp;[&hellip;]\" \/>\n<meta property=\"og:url\" content=\"http:\/\/laprovidenciaovalle.cl\/colegio\/concurso-rastros-y-huellas-de-mi-colegio\/\" \/>\n<meta property=\"og:site_name\" content=\"Colegio La Providencia\" \/>\n<meta property=\"article:published_time\" content=\"2020-11-27T17:57:40+00:00\" \/>\n<meta property=\"og:image\" content=\"http:\/\/laprovidenciaovalle.cl\/colegio\/wp-content\/uploads\/2020\/11\/Afiche-concurso-dibujo-pintura-conv-escolar.png\" \/>\n\t<meta property=\"og:image:width\" content=\"896\" \/>\n\t<meta property=\"og:image:height\" content=\"516\" \/>\n<meta name=\"twitter:card\" content=\"summary_large_image\" \/>\n<meta name=\"twitter:label1\" value=\"Escrito por\">\n\t<meta name=\"twitter:data1\" value=\"Comunicaciones Colegio\">\n\t<meta name=\"twitter:label2\" value=\"Tiempo de lectura\">\n\t<meta name=\"twitter:data2\" value=\"3 minutos\">\n<script type=\"application\/ld+json\" class=\"yoast-schema-graph\">{\"@context\":\"https:\/\/schema.org\",\"@graph\":[{\"@type\":\"WebSite\",\"@id\":\"http:\/\/laprovidenciaovalle.cl\/colegio\/#website\",\"url\":\"http:\/\/laprovidenciaovalle.cl\/colegio\/\",\"name\":\"Colegio La Providencia\",\"description\":\"Ovalle\",\"potentialAction\":[{\"@type\":\"SearchAction\",\"target\":\"http:\/\/laprovidenciaovalle.cl\/colegio\/?s={search_term_string}\",\"query-input\":\"required name=search_term_string\"}],\"inLanguage\":\"es\"},{\"@type\":\"ImageObject\",\"@id\":\"http:\/\/laprovidenciaovalle.cl\/colegio\/concurso-rastros-y-huellas-de-mi-colegio\/#primaryimage\",\"inLanguage\":\"es\",\"url\":\"http:\/\/laprovidenciaovalle.cl\/colegio\/wp-content\/uploads\/2020\/11\/Afiche-concurso-dibujo-pintura-conv-escolar.png\",\"width\":896,\"height\":516},{\"@type\":\"WebPage\",\"@id\":\"http:\/\/laprovidenciaovalle.cl\/colegio\/concurso-rastros-y-huellas-de-mi-colegio\/#webpage\",\"url\":\"http:\/\/laprovidenciaovalle.cl\/colegio\/concurso-rastros-y-huellas-de-mi-colegio\/\",\"name\":\"CONCURSO \\u201cRASTROS Y HUELLAS DE MI COLEGIO\\u201d - Colegio La Providencia\",\"isPartOf\":{\"@id\":\"http:\/\/laprovidenciaovalle.cl\/colegio\/#website\"},\"primaryImageOfPage\":{\"@id\":\"http:\/\/laprovidenciaovalle.cl\/colegio\/concurso-rastros-y-huellas-de-mi-colegio\/#primaryimage\"},\"datePublished\":\"2020-11-27T17:57:40+00:00\",\"dateModified\":\"2020-11-27T17:57:40+00:00\",\"author\":{\"@id\":\"http:\/\/laprovidenciaovalle.cl\/colegio\/#\/schema\/person\/1035f45cd35e1948fb928fcdc74228fe\"},\"inLanguage\":\"es\",\"potentialAction\":[{\"@type\":\"ReadAction\",\"target\":[\"http:\/\/laprovidenciaovalle.cl\/colegio\/concurso-rastros-y-huellas-de-mi-colegio\/\"]}]},{\"@type\":\"Person\",\"@id\":\"http:\/\/laprovidenciaovalle.cl\/colegio\/#\/schema\/person\/1035f45cd35e1948fb928fcdc74228fe\",\"name\":\"Comunicaciones Colegio\",\"image\":{\"@type\":\"ImageObject\",\"@id\":\"http:\/\/laprovidenciaovalle.cl\/colegio\/#personlogo\",\"inLanguage\":\"es\",\"url\":\"http:\/\/2.gravatar.com\/avatar\/5d0b6f6fbda2852def0dc3e63e38d319?s=96&d=mm&r=g\",\"caption\":\"Comunicaciones Colegio\"}}]}<\/script>\n<!-- \/ Yoast SEO plugin. -->","_links":{"self":[{"href":"http:\/\/laprovidenciaovalle.cl\/colegio\/wp-json\/wp\/v2\/posts\/3903"}],"collection":[{"href":"http:\/\/laprovidenciaovalle.cl\/colegio\/wp-json\/wp\/v2\/posts"}],"about":[{"href":"http:\/\/laprovidenciaovalle.cl\/colegio\/wp-json\/wp\/v2\/types\/post"}],"author":[{"embeddable":true,"href":"http:\/\/laprovidenciaovalle.cl\/colegio\/wp-json\/wp\/v2\/users\/5"}],"replies":[{"embeddable":true,"href":"http:\/\/laprovidenciaovalle.cl\/colegio\/wp-json\/wp\/v2\/comments?post=3903"}],"version-history":[{"count":1,"href":"http:\/\/laprovidenciaovalle.cl\/colegio\/wp-json\/wp\/v2\/posts\/3903\/revisions"}],"predecessor-version":[{"id":3904,"href":"http:\/\/laprovidenciaovalle.cl\/colegio\/wp-json\/wp\/v2\/posts\/3903\/revisions\/3904"}],"wp:featuredmedia":[{"embeddable":true,"href":"http:\/\/laprovidenciaovalle.cl\/colegio\/wp-json\/wp\/v2\/media\/3902"}],"wp:attachment":[{"href":"http:\/\/laprovidenciaovalle.cl\/colegio\/wp-json\/wp\/v2\/media?parent=3903"}],"wp:term":[{"taxonomy":"category","embeddable":true,"href":"http:\/\/laprovidenciaovalle.cl\/colegio\/wp-json\/wp\/v2\/categories?post=3903"},{"taxonomy":"post_tag","embeddable":true,"href":"http:\/\/laprovidenciaovalle.cl\/colegio\/wp-json\/wp\/v2\/tags?post=3903"}],"curies":[{"name":"wp","href":"https:\/\/api.w.org\/{rel}","templated":true}]}}