{"id":3942,"date":"2020-12-29T11:41:41","date_gmt":"2020-12-29T14:41:41","guid":{"rendered":"http:\/\/laprovidenciaovalle.cl\/colegio\/?p=3942"},"modified":"2020-12-29T11:41:41","modified_gmt":"2020-12-29T14:41:41","slug":"resultados-concurso-convivencia-escolar-rastros-y-huellas-de-mi-colegio","status":"publish","type":"post","link":"http:\/\/laprovidenciaovalle.cl\/colegio\/resultados-concurso-convivencia-escolar-rastros-y-huellas-de-mi-colegio\/","title":{"rendered":"Resultados Concurso Convivencia Escolar &#8220;Rastros y Huellas de mi Colegio&#8221;"},"content":{"rendered":"<div class=\"gs\">\n<div class=\"\">\n<div id=\":lh\" class=\"ii gt\">\n<div id=\":lg\" class=\"a3s aiL \">\n<div dir=\"auto\">\n<div dir=\"auto\">&#8220;Felicitaciones a las ganadoras del Concurso de Convivencia Escolar &#8220;Rastros y Huellas de mi Colegio&#8221;<\/div>\n<div dir=\"auto\">\n<div dir=\"auto\">\n<p>CATEGOR\u00cdA A:<\/p>\n<p>1\u00b0 LUGAR: \u00a0\u00a0<b>\u00a0MAGDALENA ALEJANDRA PLAZA ARAYA 2\u00b0B<\/b><\/p>\n<p>2\u00b0 LUGAR:\u00a0\u00a0<b>MARIBEL CECILIA ACU\u00d1A G\u00d3MEZ 2\u00b0 A<\/b><\/p>\n<p>&nbsp;<\/p>\n<p>CATEGOR\u00cdA B:<\/p>\n<p>1\u00b0 LUGAR:\u00a0\u00a0<b>PALOMA ALEXANDRA CORT\u00c9S C\u00c9SPEDES 4\u00b0A 2020<\/b><\/p>\n<p>2\u00b0LUGAR:\u00a0\u00a0\u00a0<b>KRICHNA ALEJANDRA SIERRA BOLVARAN 3\u00b0D 2020<\/b><\/p>\n<p>Este mi\u00e9rcoles 30 de Diciembre recibir\u00e1n su merecido premio en dependencias de nuestro Colegio, gracias por el entusiasmo y la participaci\u00f3n!<\/p>\n<p>Convivencia Escolar 2020<\/p>\n<\/div>\n<\/div>\n<\/div>\n<div class=\"yj6qo\"><\/div>\n<div class=\"adL\"><\/div>\n<\/div>\n<\/div>\n<div id=\":n6\" class=\"hq gt a10\">\n<div class=\"hp\"><\/div>\n<div class=\"a3I\">Zona de los archivos adjuntos<\/div>\n<div id=\":n9\"><\/div>\n<div id=\":n8\" class=\"aQH\">\n<div class=\"aZK\"><\/div>\n<\/div>\n<\/div>\n<div class=\"hi\"><\/div>\n<\/div>\n<\/div>\n","protected":false},"excerpt":{"rendered":"<p>&#8220;Felicitaciones a las ganadoras del Concurso de Convivencia Escolar &#8220;Rastros y Huellas de mi Colegio&#8221; CATEGOR\u00cdA A: 1\u00b0 LUGAR: \u00a0\u00a0\u00a0MAGDALENA ALEJANDRA PLAZA ARAYA 2\u00b0B 2\u00b0 LUGAR:\u00a0\u00a0MARIBEL CECILIA ACU\u00d1A G\u00d3MEZ 2\u00b0 A &nbsp; CATEGOR\u00cdA B: 1\u00b0 LUGAR:\u00a0\u00a0PALOMA ALEXANDRA CORT\u00c9S C\u00c9SPEDES 4\u00b0A 2020 2\u00b0LUGAR:\u00a0\u00a0\u00a0KRICHNA ALEJANDRA SIERRA BOLVARAN 3\u00b0D 2020 Este mi\u00e9rcoles 30 de Diciembre recibir\u00e1n su merecido premio en dependencias de nuestro&nbsp;<a href=\"http:\/\/laprovidenciaovalle.cl\/colegio\/resultados-concurso-convivencia-escolar-rastros-y-huellas-de-mi-colegio\/\">[&hellip;]<\/a><\/p>\n","protected":false},"author":5,"featured_media":3902,"comment_status":"closed","ping_status":"closed","sticky":false,"template":"","format":"standard","meta":[],"categories":[40],"tags":[],"yoast_head":"<!-- This site is optimized with the Yoast SEO plugin v15.2 - https:\/\/yoast.com\/wordpress\/plugins\/seo\/ -->\n<title>Resultados Concurso Convivencia Escolar &quot;Rastros y Huellas de mi Colegio&quot; - Colegio La Providencia<\/title>\n<meta name=\"robots\" content=\"index, follow, max-snippet:-1, max-image-preview:large, max-video-preview:-1\" \/>\n<link rel=\"canonical\" href=\"http:\/\/laprovidenciaovalle.cl\/colegio\/resultados-concurso-convivencia-escolar-rastros-y-huellas-de-mi-colegio\/\" \/>\n<meta property=\"og:locale\" content=\"es_ES\" \/>\n<meta property=\"og:type\" content=\"article\" \/>\n<meta property=\"og:title\" content=\"Resultados Concurso Convivencia Escolar &quot;Rastros y Huellas de mi Colegio&quot; - Colegio La Providencia\" \/>\n<meta property=\"og:description\" content=\"&#8220;Felicitaciones a las ganadoras del Concurso de Convivencia Escolar &#8220;Rastros y Huellas de mi Colegio&#8221; CATEGOR\u00cdA A: 1\u00b0 LUGAR: \u00a0\u00a0\u00a0MAGDALENA ALEJANDRA PLAZA ARAYA 2\u00b0B 2\u00b0 LUGAR:\u00a0\u00a0MARIBEL CECILIA ACU\u00d1A G\u00d3MEZ 2\u00b0 A &nbsp; CATEGOR\u00cdA B: 1\u00b0 LUGAR:\u00a0\u00a0PALOMA ALEXANDRA CORT\u00c9S C\u00c9SPEDES 4\u00b0A 2020 2\u00b0LUGAR:\u00a0\u00a0\u00a0KRICHNA ALEJANDRA SIERRA BOLVARAN 3\u00b0D 2020 Este mi\u00e9rcoles 30 de Diciembre recibir\u00e1n su merecido premio en dependencias de nuestro&nbsp;[&hellip;]\" \/>\n<meta property=\"og:url\" content=\"http:\/\/laprovidenciaovalle.cl\/colegio\/resultados-concurso-convivencia-escolar-rastros-y-huellas-de-mi-colegio\/\" \/>\n<meta property=\"og:site_name\" content=\"Colegio La Providencia\" \/>\n<meta property=\"article:published_time\" content=\"2020-12-29T14:41:41+00:00\" \/>\n<meta property=\"og:image\" content=\"http:\/\/laprovidenciaovalle.cl\/colegio\/wp-content\/uploads\/2020\/11\/Afiche-concurso-dibujo-pintura-conv-escolar.png\" \/>\n\t<meta property=\"og:image:width\" content=\"896\" \/>\n\t<meta property=\"og:image:height\" content=\"516\" \/>\n<meta name=\"twitter:card\" content=\"summary_large_image\" \/>\n<meta name=\"twitter:label1\" value=\"Escrito por\">\n\t<meta name=\"twitter:data1\" value=\"Comunicaciones Colegio\">\n\t<meta name=\"twitter:label2\" value=\"Tiempo de lectura\">\n\t<meta name=\"twitter:data2\" value=\"0 minutos\">\n<script type=\"application\/ld+json\" class=\"yoast-schema-graph\">{\"@context\":\"https:\/\/schema.org\",\"@graph\":[{\"@type\":\"WebSite\",\"@id\":\"http:\/\/laprovidenciaovalle.cl\/colegio\/#website\",\"url\":\"http:\/\/laprovidenciaovalle.cl\/colegio\/\",\"name\":\"Colegio La Providencia\",\"description\":\"Ovalle\",\"potentialAction\":[{\"@type\":\"SearchAction\",\"target\":\"http:\/\/laprovidenciaovalle.cl\/colegio\/?s={search_term_string}\",\"query-input\":\"required name=search_term_string\"}],\"inLanguage\":\"es\"},{\"@type\":\"ImageObject\",\"@id\":\"http:\/\/laprovidenciaovalle.cl\/colegio\/resultados-concurso-convivencia-escolar-rastros-y-huellas-de-mi-colegio\/#primaryimage\",\"inLanguage\":\"es\",\"url\":\"http:\/\/laprovidenciaovalle.cl\/colegio\/wp-content\/uploads\/2020\/11\/Afiche-concurso-dibujo-pintura-conv-escolar.png\",\"width\":896,\"height\":516},{\"@type\":\"WebPage\",\"@id\":\"http:\/\/laprovidenciaovalle.cl\/colegio\/resultados-concurso-convivencia-escolar-rastros-y-huellas-de-mi-colegio\/#webpage\",\"url\":\"http:\/\/laprovidenciaovalle.cl\/colegio\/resultados-concurso-convivencia-escolar-rastros-y-huellas-de-mi-colegio\/\",\"name\":\"Resultados Concurso Convivencia Escolar \\\"Rastros y Huellas de mi Colegio\\\" - Colegio La Providencia\",\"isPartOf\":{\"@id\":\"http:\/\/laprovidenciaovalle.cl\/colegio\/#website\"},\"primaryImageOfPage\":{\"@id\":\"http:\/\/laprovidenciaovalle.cl\/colegio\/resultados-concurso-convivencia-escolar-rastros-y-huellas-de-mi-colegio\/#primaryimage\"},\"datePublished\":\"2020-12-29T14:41:41+00:00\",\"dateModified\":\"2020-12-29T14:41:41+00:00\",\"author\":{\"@id\":\"http:\/\/laprovidenciaovalle.cl\/colegio\/#\/schema\/person\/1035f45cd35e1948fb928fcdc74228fe\"},\"inLanguage\":\"es\",\"potentialAction\":[{\"@type\":\"ReadAction\",\"target\":[\"http:\/\/laprovidenciaovalle.cl\/colegio\/resultados-concurso-convivencia-escolar-rastros-y-huellas-de-mi-colegio\/\"]}]},{\"@type\":\"Person\",\"@id\":\"http:\/\/laprovidenciaovalle.cl\/colegio\/#\/schema\/person\/1035f45cd35e1948fb928fcdc74228fe\",\"name\":\"Comunicaciones Colegio\",\"image\":{\"@type\":\"ImageObject\",\"@id\":\"http:\/\/laprovidenciaovalle.cl\/colegio\/#personlogo\",\"inLanguage\":\"es\",\"url\":\"http:\/\/2.gravatar.com\/avatar\/5d0b6f6fbda2852def0dc3e63e38d319?s=96&d=mm&r=g\",\"caption\":\"Comunicaciones Colegio\"}}]}<\/script>\n<!-- \/ Yoast SEO plugin. -->","_links":{"self":[{"href":"http:\/\/laprovidenciaovalle.cl\/colegio\/wp-json\/wp\/v2\/posts\/3942"}],"collection":[{"href":"http:\/\/laprovidenciaovalle.cl\/colegio\/wp-json\/wp\/v2\/posts"}],"about":[{"href":"http:\/\/laprovidenciaovalle.cl\/colegio\/wp-json\/wp\/v2\/types\/post"}],"author":[{"embeddable":true,"href":"http:\/\/laprovidenciaovalle.cl\/colegio\/wp-json\/wp\/v2\/users\/5"}],"replies":[{"embeddable":true,"href":"http:\/\/laprovidenciaovalle.cl\/colegio\/wp-json\/wp\/v2\/comments?post=3942"}],"version-history":[{"count":1,"href":"http:\/\/laprovidenciaovalle.cl\/colegio\/wp-json\/wp\/v2\/posts\/3942\/revisions"}],"predecessor-version":[{"id":3943,"href":"http:\/\/laprovidenciaovalle.cl\/colegio\/wp-json\/wp\/v2\/posts\/3942\/revisions\/3943"}],"wp:featuredmedia":[{"embeddable":true,"href":"http:\/\/laprovidenciaovalle.cl\/colegio\/wp-json\/wp\/v2\/media\/3902"}],"wp:attachment":[{"href":"http:\/\/laprovidenciaovalle.cl\/colegio\/wp-json\/wp\/v2\/media?parent=3942"}],"wp:term":[{"taxonomy":"category","embeddable":true,"href":"http:\/\/laprovidenciaovalle.cl\/colegio\/wp-json\/wp\/v2\/categories?post=3942"},{"taxonomy":"post_tag","embeddable":true,"href":"http:\/\/laprovidenciaovalle.cl\/colegio\/wp-json\/wp\/v2\/tags?post=3942"}],"curies":[{"name":"wp","href":"https:\/\/api.w.org\/{rel}","templated":true}]}}