{"id":3995,"date":"2020-12-31T16:52:11","date_gmt":"2020-12-31T19:52:11","guid":{"rendered":"http:\/\/laprovidenciaovalle.cl\/colegio\/?p=3995"},"modified":"2021-01-01T20:05:11","modified_gmt":"2021-01-01T23:05:11","slug":"ceremonia-de-reconocimiento-2020","status":"publish","type":"post","link":"http:\/\/laprovidenciaovalle.cl\/colegio\/ceremonia-de-reconocimiento-2020\/","title":{"rendered":"Ceremonia de Reconocimiento 2020"},"content":{"rendered":"<p>El d\u00eda mi\u00e9rcoles 30 de diciembre se realiz\u00f3 una ceremonia de reconocimeinto a nuestras estudiantes destacadas por nivel, sello providencia por nivel, ganadoras microcuentos en pandemia y concurso de pintura.<\/p>\n<p>Agradecemos enormemente el espir\u00edtu y entusiasmo en participar en cada una de nuestras actividades.<\/p>\n<p>Felicidades<\/p>\n\n\t\t<style type=\"text\/css\">\n\t\t\t#gallery-1 {\n\t\t\t\tmargin: auto;\n\t\t\t}\n\t\t\t#gallery-1 .gallery-item {\n\t\t\t\tfloat: left;\n\t\t\t\tmargin-top: 10px;\n\t\t\t\ttext-align: center;\n\t\t\t\twidth: 33%;\n\t\t\t}\n\t\t\t#gallery-1 img {\n\t\t\t\tborder: 2px solid #cfcfcf;\n\t\t\t}\n\t\t\t#gallery-1 .gallery-caption {\n\t\t\t\tmargin-left: 0;\n\t\t\t}\n\t\t\t\/* see gallery_shortcode() in wp-includes\/media.php *\/\n\t\t<\/style>\n\t\t<div id='gallery-1' class='gallery galleryid-3995 gallery-columns-3 gallery-size-large'><dl class='gallery-item'>\n\t\t\t<dt class='gallery-icon landscape'>\n\t\t\t\t<a href='http:\/\/laprovidenciaovalle.cl\/colegio\/img_1769\/'><img width=\"1024\" height=\"683\" src=\"http:\/\/laprovidenciaovalle.cl\/colegio\/wp-content\/uploads\/2020\/12\/IMG_1769-1024x683.jpg\" class=\"attachment-large size-large\" alt=\"\" loading=\"lazy\" srcset=\"http:\/\/laprovidenciaovalle.cl\/colegio\/wp-content\/uploads\/2020\/12\/IMG_1769-1024x683.jpg 1024w, http:\/\/laprovidenciaovalle.cl\/colegio\/wp-content\/uploads\/2020\/12\/IMG_1769-300x200.jpg 300w, http:\/\/laprovidenciaovalle.cl\/colegio\/wp-content\/uploads\/2020\/12\/IMG_1769-768x512.jpg 768w, http:\/\/laprovidenciaovalle.cl\/colegio\/wp-content\/uploads\/2020\/12\/IMG_1769-1536x1024.jpg 1536w, http:\/\/laprovidenciaovalle.cl\/colegio\/wp-content\/uploads\/2020\/12\/IMG_1769-2048x1365.jpg 2048w, http:\/\/laprovidenciaovalle.cl\/colegio\/wp-content\/uploads\/2020\/12\/IMG_1769-150x100.jpg 150w\" sizes=\"(max-width: 1024px) 100vw, 1024px\" \/><\/a>\n\t\t\t<\/dt><\/dl><dl class='gallery-item'>\n\t\t\t<dt class='gallery-icon landscape'>\n\t\t\t\t<a href='http:\/\/laprovidenciaovalle.cl\/colegio\/img_1768\/'><img width=\"1024\" height=\"683\" src=\"http:\/\/laprovidenciaovalle.cl\/colegio\/wp-content\/uploads\/2020\/12\/IMG_1768-1024x683.jpg\" class=\"attachment-large size-large\" alt=\"\" loading=\"lazy\" srcset=\"http:\/\/laprovidenciaovalle.cl\/colegio\/wp-content\/uploads\/2020\/12\/IMG_1768-1024x683.jpg 1024w, http:\/\/laprovidenciaovalle.cl\/colegio\/wp-content\/uploads\/2020\/12\/IMG_1768-300x200.jpg 300w, http:\/\/laprovidenciaovalle.cl\/colegio\/wp-content\/uploads\/2020\/12\/IMG_1768-768x512.jpg 768w, http:\/\/laprovidenciaovalle.cl\/colegio\/wp-content\/uploads\/2020\/12\/IMG_1768-1536x1024.jpg 1536w, http:\/\/laprovidenciaovalle.cl\/colegio\/wp-content\/uploads\/2020\/12\/IMG_1768-2048x1365.jpg 2048w, http:\/\/laprovidenciaovalle.cl\/colegio\/wp-content\/uploads\/2020\/12\/IMG_1768-150x100.jpg 150w\" sizes=\"(max-width: 1024px) 100vw, 1024px\" \/><\/a>\n\t\t\t<\/dt><\/dl><dl class='gallery-item'>\n\t\t\t<dt class='gallery-icon landscape'>\n\t\t\t\t<a href='http:\/\/laprovidenciaovalle.cl\/colegio\/img_1770\/'><img width=\"1024\" height=\"683\" src=\"http:\/\/laprovidenciaovalle.cl\/colegio\/wp-content\/uploads\/2020\/12\/IMG_1770-1024x683.jpg\" class=\"attachment-large size-large\" alt=\"\" loading=\"lazy\" srcset=\"http:\/\/laprovidenciaovalle.cl\/colegio\/wp-content\/uploads\/2020\/12\/IMG_1770-1024x683.jpg 1024w, http:\/\/laprovidenciaovalle.cl\/colegio\/wp-content\/uploads\/2020\/12\/IMG_1770-300x200.jpg 300w, http:\/\/laprovidenciaovalle.cl\/colegio\/wp-content\/uploads\/2020\/12\/IMG_1770-768x512.jpg 768w, http:\/\/laprovidenciaovalle.cl\/colegio\/wp-content\/uploads\/2020\/12\/IMG_1770-1536x1024.jpg 1536w, http:\/\/laprovidenciaovalle.cl\/colegio\/wp-content\/uploads\/2020\/12\/IMG_1770-2048x1365.jpg 2048w, http:\/\/laprovidenciaovalle.cl\/colegio\/wp-content\/uploads\/2020\/12\/IMG_1770-150x100.jpg 150w\" sizes=\"(max-width: 1024px) 100vw, 1024px\" \/><\/a>\n\t\t\t<\/dt><\/dl><br style=\"clear: both\" \/><dl class='gallery-item'>\n\t\t\t<dt class='gallery-icon portrait'>\n\t\t\t\t<a href='http:\/\/laprovidenciaovalle.cl\/colegio\/img_1771\/'><img width=\"683\" height=\"1024\" src=\"http:\/\/laprovidenciaovalle.cl\/colegio\/wp-content\/uploads\/2020\/12\/IMG_1771-683x1024.jpg\" class=\"attachment-large size-large\" alt=\"\" loading=\"lazy\" srcset=\"http:\/\/laprovidenciaovalle.cl\/colegio\/wp-content\/uploads\/2020\/12\/IMG_1771-683x1024.jpg 683w, http:\/\/laprovidenciaovalle.cl\/colegio\/wp-content\/uploads\/2020\/12\/IMG_1771-200x300.jpg 200w, http:\/\/laprovidenciaovalle.cl\/colegio\/wp-content\/uploads\/2020\/12\/IMG_1771-768x1152.jpg 768w, http:\/\/laprovidenciaovalle.cl\/colegio\/wp-content\/uploads\/2020\/12\/IMG_1771-1024x1536.jpg 1024w, http:\/\/laprovidenciaovalle.cl\/colegio\/wp-content\/uploads\/2020\/12\/IMG_1771-1365x2048.jpg 1365w, http:\/\/laprovidenciaovalle.cl\/colegio\/wp-content\/uploads\/2020\/12\/IMG_1771-100x150.jpg 100w, http:\/\/laprovidenciaovalle.cl\/colegio\/wp-content\/uploads\/2020\/12\/IMG_1771-scaled.jpg 1707w\" sizes=\"(max-width: 683px) 100vw, 683px\" \/><\/a>\n\t\t\t<\/dt><\/dl><dl class='gallery-item'>\n\t\t\t<dt class='gallery-icon portrait'>\n\t\t\t\t<a href='http:\/\/laprovidenciaovalle.cl\/colegio\/img_1777\/'><img width=\"683\" height=\"1024\" src=\"http:\/\/laprovidenciaovalle.cl\/colegio\/wp-content\/uploads\/2020\/12\/IMG_1777-683x1024.jpg\" class=\"attachment-large size-large\" alt=\"\" loading=\"lazy\" srcset=\"http:\/\/laprovidenciaovalle.cl\/colegio\/wp-content\/uploads\/2020\/12\/IMG_1777-683x1024.jpg 683w, http:\/\/laprovidenciaovalle.cl\/colegio\/wp-content\/uploads\/2020\/12\/IMG_1777-200x300.jpg 200w, http:\/\/laprovidenciaovalle.cl\/colegio\/wp-content\/uploads\/2020\/12\/IMG_1777-768x1152.jpg 768w, http:\/\/laprovidenciaovalle.cl\/colegio\/wp-content\/uploads\/2020\/12\/IMG_1777-1024x1536.jpg 1024w, http:\/\/laprovidenciaovalle.cl\/colegio\/wp-content\/uploads\/2020\/12\/IMG_1777-1365x2048.jpg 1365w, http:\/\/laprovidenciaovalle.cl\/colegio\/wp-content\/uploads\/2020\/12\/IMG_1777-100x150.jpg 100w, http:\/\/laprovidenciaovalle.cl\/colegio\/wp-content\/uploads\/2020\/12\/IMG_1777-scaled.jpg 1707w\" sizes=\"(max-width: 683px) 100vw, 683px\" \/><\/a>\n\t\t\t<\/dt><\/dl><dl class='gallery-item'>\n\t\t\t<dt class='gallery-icon portrait'>\n\t\t\t\t<a href='http:\/\/laprovidenciaovalle.cl\/colegio\/img_1776\/'><img width=\"683\" height=\"1024\" src=\"http:\/\/laprovidenciaovalle.cl\/colegio\/wp-content\/uploads\/2020\/12\/IMG_1776-683x1024.jpg\" class=\"attachment-large size-large\" alt=\"\" loading=\"lazy\" srcset=\"http:\/\/laprovidenciaovalle.cl\/colegio\/wp-content\/uploads\/2020\/12\/IMG_1776-683x1024.jpg 683w, http:\/\/laprovidenciaovalle.cl\/colegio\/wp-content\/uploads\/2020\/12\/IMG_1776-200x300.jpg 200w, http:\/\/laprovidenciaovalle.cl\/colegio\/wp-content\/uploads\/2020\/12\/IMG_1776-768x1152.jpg 768w, http:\/\/laprovidenciaovalle.cl\/colegio\/wp-content\/uploads\/2020\/12\/IMG_1776-1024x1536.jpg 1024w, http:\/\/laprovidenciaovalle.cl\/colegio\/wp-content\/uploads\/2020\/12\/IMG_1776-1365x2048.jpg 1365w, http:\/\/laprovidenciaovalle.cl\/colegio\/wp-content\/uploads\/2020\/12\/IMG_1776-100x150.jpg 100w, http:\/\/laprovidenciaovalle.cl\/colegio\/wp-content\/uploads\/2020\/12\/IMG_1776-scaled.jpg 1707w\" sizes=\"(max-width: 683px) 100vw, 683px\" \/><\/a>\n\t\t\t<\/dt><\/dl><br style=\"clear: both\" \/><dl class='gallery-item'>\n\t\t\t<dt class='gallery-icon portrait'>\n\t\t\t\t<a href='http:\/\/laprovidenciaovalle.cl\/colegio\/img_1775\/'><img width=\"683\" height=\"1024\" src=\"http:\/\/laprovidenciaovalle.cl\/colegio\/wp-content\/uploads\/2020\/12\/IMG_1775-683x1024.jpg\" class=\"attachment-large size-large\" alt=\"\" loading=\"lazy\" srcset=\"http:\/\/laprovidenciaovalle.cl\/colegio\/wp-content\/uploads\/2020\/12\/IMG_1775-683x1024.jpg 683w, http:\/\/laprovidenciaovalle.cl\/colegio\/wp-content\/uploads\/2020\/12\/IMG_1775-200x300.jpg 200w, http:\/\/laprovidenciaovalle.cl\/colegio\/wp-content\/uploads\/2020\/12\/IMG_1775-768x1152.jpg 768w, http:\/\/laprovidenciaovalle.cl\/colegio\/wp-content\/uploads\/2020\/12\/IMG_1775-1024x1536.jpg 1024w, http:\/\/laprovidenciaovalle.cl\/colegio\/wp-content\/uploads\/2020\/12\/IMG_1775-1365x2048.jpg 1365w, http:\/\/laprovidenciaovalle.cl\/colegio\/wp-content\/uploads\/2020\/12\/IMG_1775-100x150.jpg 100w, http:\/\/laprovidenciaovalle.cl\/colegio\/wp-content\/uploads\/2020\/12\/IMG_1775-scaled.jpg 1707w\" sizes=\"(max-width: 683px) 100vw, 683px\" \/><\/a>\n\t\t\t<\/dt><\/dl><dl class='gallery-item'>\n\t\t\t<dt class='gallery-icon portrait'>\n\t\t\t\t<a href='http:\/\/laprovidenciaovalle.cl\/colegio\/img_1774\/'><img width=\"683\" height=\"1024\" src=\"http:\/\/laprovidenciaovalle.cl\/colegio\/wp-content\/uploads\/2020\/12\/IMG_1774-683x1024.jpg\" class=\"attachment-large size-large\" alt=\"\" loading=\"lazy\" srcset=\"http:\/\/laprovidenciaovalle.cl\/colegio\/wp-content\/uploads\/2020\/12\/IMG_1774-683x1024.jpg 683w, http:\/\/laprovidenciaovalle.cl\/colegio\/wp-content\/uploads\/2020\/12\/IMG_1774-200x300.jpg 200w, http:\/\/laprovidenciaovalle.cl\/colegio\/wp-content\/uploads\/2020\/12\/IMG_1774-768x1152.jpg 768w, http:\/\/laprovidenciaovalle.cl\/colegio\/wp-content\/uploads\/2020\/12\/IMG_1774-1024x1536.jpg 1024w, http:\/\/laprovidenciaovalle.cl\/colegio\/wp-content\/uploads\/2020\/12\/IMG_1774-1365x2048.jpg 1365w, http:\/\/laprovidenciaovalle.cl\/colegio\/wp-content\/uploads\/2020\/12\/IMG_1774-100x150.jpg 100w, http:\/\/laprovidenciaovalle.cl\/colegio\/wp-content\/uploads\/2020\/12\/IMG_1774-scaled.jpg 1707w\" sizes=\"(max-width: 683px) 100vw, 683px\" \/><\/a>\n\t\t\t<\/dt><\/dl><dl class='gallery-item'>\n\t\t\t<dt class='gallery-icon portrait'>\n\t\t\t\t<a href='http:\/\/laprovidenciaovalle.cl\/colegio\/img_1773\/'><img width=\"683\" height=\"1024\" src=\"http:\/\/laprovidenciaovalle.cl\/colegio\/wp-content\/uploads\/2020\/12\/IMG_1773-683x1024.jpg\" class=\"attachment-large size-large\" alt=\"\" loading=\"lazy\" srcset=\"http:\/\/laprovidenciaovalle.cl\/colegio\/wp-content\/uploads\/2020\/12\/IMG_1773-683x1024.jpg 683w, http:\/\/laprovidenciaovalle.cl\/colegio\/wp-content\/uploads\/2020\/12\/IMG_1773-200x300.jpg 200w, http:\/\/laprovidenciaovalle.cl\/colegio\/wp-content\/uploads\/2020\/12\/IMG_1773-768x1152.jpg 768w, http:\/\/laprovidenciaovalle.cl\/colegio\/wp-content\/uploads\/2020\/12\/IMG_1773-1024x1536.jpg 1024w, http:\/\/laprovidenciaovalle.cl\/colegio\/wp-content\/uploads\/2020\/12\/IMG_1773-1365x2048.jpg 1365w, http:\/\/laprovidenciaovalle.cl\/colegio\/wp-content\/uploads\/2020\/12\/IMG_1773-100x150.jpg 100w, http:\/\/laprovidenciaovalle.cl\/colegio\/wp-content\/uploads\/2020\/12\/IMG_1773-scaled.jpg 1707w\" sizes=\"(max-width: 683px) 100vw, 683px\" \/><\/a>\n\t\t\t<\/dt><\/dl><br style=\"clear: both\" \/><dl class='gallery-item'>\n\t\t\t<dt class='gallery-icon portrait'>\n\t\t\t\t<a href='http:\/\/laprovidenciaovalle.cl\/colegio\/img_1772\/'><img width=\"683\" height=\"1024\" src=\"http:\/\/laprovidenciaovalle.cl\/colegio\/wp-content\/uploads\/2020\/12\/IMG_1772-683x1024.jpg\" class=\"attachment-large size-large\" alt=\"\" loading=\"lazy\" srcset=\"http:\/\/laprovidenciaovalle.cl\/colegio\/wp-content\/uploads\/2020\/12\/IMG_1772-683x1024.jpg 683w, http:\/\/laprovidenciaovalle.cl\/colegio\/wp-content\/uploads\/2020\/12\/IMG_1772-200x300.jpg 200w, http:\/\/laprovidenciaovalle.cl\/colegio\/wp-content\/uploads\/2020\/12\/IMG_1772-768x1152.jpg 768w, http:\/\/laprovidenciaovalle.cl\/colegio\/wp-content\/uploads\/2020\/12\/IMG_1772-1024x1536.jpg 1024w, http:\/\/laprovidenciaovalle.cl\/colegio\/wp-content\/uploads\/2020\/12\/IMG_1772-1365x2048.jpg 1365w, http:\/\/laprovidenciaovalle.cl\/colegio\/wp-content\/uploads\/2020\/12\/IMG_1772-100x150.jpg 100w, http:\/\/laprovidenciaovalle.cl\/colegio\/wp-content\/uploads\/2020\/12\/IMG_1772-scaled.jpg 1707w\" sizes=\"(max-width: 683px) 100vw, 683px\" \/><\/a>\n\t\t\t<\/dt><\/dl><dl class='gallery-item'>\n\t\t\t<dt class='gallery-icon portrait'>\n\t\t\t\t<a href='http:\/\/laprovidenciaovalle.cl\/colegio\/img_1778\/'><img width=\"683\" height=\"1024\" src=\"http:\/\/laprovidenciaovalle.cl\/colegio\/wp-content\/uploads\/2020\/12\/IMG_1778-683x1024.jpg\" class=\"attachment-large size-large\" alt=\"\" loading=\"lazy\" srcset=\"http:\/\/laprovidenciaovalle.cl\/colegio\/wp-content\/uploads\/2020\/12\/IMG_1778-683x1024.jpg 683w, http:\/\/laprovidenciaovalle.cl\/colegio\/wp-content\/uploads\/2020\/12\/IMG_1778-200x300.jpg 200w, http:\/\/laprovidenciaovalle.cl\/colegio\/wp-content\/uploads\/2020\/12\/IMG_1778-768x1152.jpg 768w, http:\/\/laprovidenciaovalle.cl\/colegio\/wp-content\/uploads\/2020\/12\/IMG_1778-1024x1536.jpg 1024w, http:\/\/laprovidenciaovalle.cl\/colegio\/wp-content\/uploads\/2020\/12\/IMG_1778-1365x2048.jpg 1365w, http:\/\/laprovidenciaovalle.cl\/colegio\/wp-content\/uploads\/2020\/12\/IMG_1778-100x150.jpg 100w, http:\/\/laprovidenciaovalle.cl\/colegio\/wp-content\/uploads\/2020\/12\/IMG_1778-scaled.jpg 1707w\" sizes=\"(max-width: 683px) 100vw, 683px\" \/><\/a>\n\t\t\t<\/dt><\/dl><dl class='gallery-item'>\n\t\t\t<dt class='gallery-icon portrait'>\n\t\t\t\t<a href='http:\/\/laprovidenciaovalle.cl\/colegio\/img_1785\/'><img width=\"683\" height=\"1024\" src=\"http:\/\/laprovidenciaovalle.cl\/colegio\/wp-content\/uploads\/2020\/12\/IMG_1785-683x1024.jpg\" class=\"attachment-large size-large\" alt=\"\" loading=\"lazy\" srcset=\"http:\/\/laprovidenciaovalle.cl\/colegio\/wp-content\/uploads\/2020\/12\/IMG_1785-683x1024.jpg 683w, http:\/\/laprovidenciaovalle.cl\/colegio\/wp-content\/uploads\/2020\/12\/IMG_1785-200x300.jpg 200w, http:\/\/laprovidenciaovalle.cl\/colegio\/wp-content\/uploads\/2020\/12\/IMG_1785-768x1152.jpg 768w, http:\/\/laprovidenciaovalle.cl\/colegio\/wp-content\/uploads\/2020\/12\/IMG_1785-1024x1536.jpg 1024w, http:\/\/laprovidenciaovalle.cl\/colegio\/wp-content\/uploads\/2020\/12\/IMG_1785-1365x2048.jpg 1365w, http:\/\/laprovidenciaovalle.cl\/colegio\/wp-content\/uploads\/2020\/12\/IMG_1785-100x150.jpg 100w, http:\/\/laprovidenciaovalle.cl\/colegio\/wp-content\/uploads\/2020\/12\/IMG_1785-scaled.jpg 1707w\" sizes=\"(max-width: 683px) 100vw, 683px\" \/><\/a>\n\t\t\t<\/dt><\/dl><br style=\"clear: both\" \/><dl class='gallery-item'>\n\t\t\t<dt class='gallery-icon landscape'>\n\t\t\t\t<a href='http:\/\/laprovidenciaovalle.cl\/colegio\/img_1786\/'><img width=\"1024\" height=\"683\" src=\"http:\/\/laprovidenciaovalle.cl\/colegio\/wp-content\/uploads\/2020\/12\/IMG_1786-1024x683.jpg\" class=\"attachment-large size-large\" alt=\"\" loading=\"lazy\" srcset=\"http:\/\/laprovidenciaovalle.cl\/colegio\/wp-content\/uploads\/2020\/12\/IMG_1786-1024x683.jpg 1024w, http:\/\/laprovidenciaovalle.cl\/colegio\/wp-content\/uploads\/2020\/12\/IMG_1786-300x200.jpg 300w, http:\/\/laprovidenciaovalle.cl\/colegio\/wp-content\/uploads\/2020\/12\/IMG_1786-768x512.jpg 768w, http:\/\/laprovidenciaovalle.cl\/colegio\/wp-content\/uploads\/2020\/12\/IMG_1786-1536x1024.jpg 1536w, http:\/\/laprovidenciaovalle.cl\/colegio\/wp-content\/uploads\/2020\/12\/IMG_1786-2048x1365.jpg 2048w, http:\/\/laprovidenciaovalle.cl\/colegio\/wp-content\/uploads\/2020\/12\/IMG_1786-150x100.jpg 150w\" sizes=\"(max-width: 1024px) 100vw, 1024px\" \/><\/a>\n\t\t\t<\/dt><\/dl><dl class='gallery-item'>\n\t\t\t<dt class='gallery-icon portrait'>\n\t\t\t\t<a href='http:\/\/laprovidenciaovalle.cl\/colegio\/img_1779\/'><img width=\"683\" height=\"1024\" src=\"http:\/\/laprovidenciaovalle.cl\/colegio\/wp-content\/uploads\/2020\/12\/IMG_1779-683x1024.jpg\" class=\"attachment-large size-large\" alt=\"\" loading=\"lazy\" srcset=\"http:\/\/laprovidenciaovalle.cl\/colegio\/wp-content\/uploads\/2020\/12\/IMG_1779-683x1024.jpg 683w, http:\/\/laprovidenciaovalle.cl\/colegio\/wp-content\/uploads\/2020\/12\/IMG_1779-200x300.jpg 200w, http:\/\/laprovidenciaovalle.cl\/colegio\/wp-content\/uploads\/2020\/12\/IMG_1779-768x1152.jpg 768w, http:\/\/laprovidenciaovalle.cl\/colegio\/wp-content\/uploads\/2020\/12\/IMG_1779-1024x1536.jpg 1024w, http:\/\/laprovidenciaovalle.cl\/colegio\/wp-content\/uploads\/2020\/12\/IMG_1779-1365x2048.jpg 1365w, http:\/\/laprovidenciaovalle.cl\/colegio\/wp-content\/uploads\/2020\/12\/IMG_1779-100x150.jpg 100w, http:\/\/laprovidenciaovalle.cl\/colegio\/wp-content\/uploads\/2020\/12\/IMG_1779-scaled.jpg 1707w\" sizes=\"(max-width: 683px) 100vw, 683px\" \/><\/a>\n\t\t\t<\/dt><\/dl><dl class='gallery-item'>\n\t\t\t<dt class='gallery-icon landscape'>\n\t\t\t\t<a href='http:\/\/laprovidenciaovalle.cl\/colegio\/img_1781\/'><img width=\"1024\" height=\"683\" src=\"http:\/\/laprovidenciaovalle.cl\/colegio\/wp-content\/uploads\/2020\/12\/IMG_1781-1024x683.jpg\" class=\"attachment-large size-large\" alt=\"\" loading=\"lazy\" srcset=\"http:\/\/laprovidenciaovalle.cl\/colegio\/wp-content\/uploads\/2020\/12\/IMG_1781-1024x683.jpg 1024w, http:\/\/laprovidenciaovalle.cl\/colegio\/wp-content\/uploads\/2020\/12\/IMG_1781-300x200.jpg 300w, http:\/\/laprovidenciaovalle.cl\/colegio\/wp-content\/uploads\/2020\/12\/IMG_1781-768x512.jpg 768w, http:\/\/laprovidenciaovalle.cl\/colegio\/wp-content\/uploads\/2020\/12\/IMG_1781-1536x1024.jpg 1536w, http:\/\/laprovidenciaovalle.cl\/colegio\/wp-content\/uploads\/2020\/12\/IMG_1781-2048x1365.jpg 2048w, http:\/\/laprovidenciaovalle.cl\/colegio\/wp-content\/uploads\/2020\/12\/IMG_1781-150x100.jpg 150w\" sizes=\"(max-width: 1024px) 100vw, 1024px\" \/><\/a>\n\t\t\t<\/dt><\/dl><br style=\"clear: both\" \/><dl class='gallery-item'>\n\t\t\t<dt class='gallery-icon portrait'>\n\t\t\t\t<a href='http:\/\/laprovidenciaovalle.cl\/colegio\/img_1787\/'><img width=\"683\" height=\"1024\" src=\"http:\/\/laprovidenciaovalle.cl\/colegio\/wp-content\/uploads\/2020\/12\/IMG_1787-683x1024.jpg\" class=\"attachment-large size-large\" alt=\"\" loading=\"lazy\" srcset=\"http:\/\/laprovidenciaovalle.cl\/colegio\/wp-content\/uploads\/2020\/12\/IMG_1787-683x1024.jpg 683w, http:\/\/laprovidenciaovalle.cl\/colegio\/wp-content\/uploads\/2020\/12\/IMG_1787-200x300.jpg 200w, http:\/\/laprovidenciaovalle.cl\/colegio\/wp-content\/uploads\/2020\/12\/IMG_1787-768x1152.jpg 768w, http:\/\/laprovidenciaovalle.cl\/colegio\/wp-content\/uploads\/2020\/12\/IMG_1787-1024x1536.jpg 1024w, http:\/\/laprovidenciaovalle.cl\/colegio\/wp-content\/uploads\/2020\/12\/IMG_1787-1365x2048.jpg 1365w, http:\/\/laprovidenciaovalle.cl\/colegio\/wp-content\/uploads\/2020\/12\/IMG_1787-100x150.jpg 100w, http:\/\/laprovidenciaovalle.cl\/colegio\/wp-content\/uploads\/2020\/12\/IMG_1787-scaled.jpg 1707w\" sizes=\"(max-width: 683px) 100vw, 683px\" \/><\/a>\n\t\t\t<\/dt><\/dl><dl class='gallery-item'>\n\t\t\t<dt class='gallery-icon portrait'>\n\t\t\t\t<a href='http:\/\/laprovidenciaovalle.cl\/colegio\/img_1788\/'><img width=\"683\" height=\"1024\" src=\"http:\/\/laprovidenciaovalle.cl\/colegio\/wp-content\/uploads\/2020\/12\/IMG_1788-683x1024.jpg\" class=\"attachment-large size-large\" alt=\"\" loading=\"lazy\" srcset=\"http:\/\/laprovidenciaovalle.cl\/colegio\/wp-content\/uploads\/2020\/12\/IMG_1788-683x1024.jpg 683w, http:\/\/laprovidenciaovalle.cl\/colegio\/wp-content\/uploads\/2020\/12\/IMG_1788-200x300.jpg 200w, http:\/\/laprovidenciaovalle.cl\/colegio\/wp-content\/uploads\/2020\/12\/IMG_1788-768x1152.jpg 768w, http:\/\/laprovidenciaovalle.cl\/colegio\/wp-content\/uploads\/2020\/12\/IMG_1788-1024x1536.jpg 1024w, http:\/\/laprovidenciaovalle.cl\/colegio\/wp-content\/uploads\/2020\/12\/IMG_1788-1365x2048.jpg 1365w, http:\/\/laprovidenciaovalle.cl\/colegio\/wp-content\/uploads\/2020\/12\/IMG_1788-100x150.jpg 100w, http:\/\/laprovidenciaovalle.cl\/colegio\/wp-content\/uploads\/2020\/12\/IMG_1788-scaled.jpg 1707w\" sizes=\"(max-width: 683px) 100vw, 683px\" \/><\/a>\n\t\t\t<\/dt><\/dl><dl class='gallery-item'>\n\t\t\t<dt class='gallery-icon portrait'>\n\t\t\t\t<a href='http:\/\/laprovidenciaovalle.cl\/colegio\/img_1782\/'><img width=\"683\" height=\"1024\" src=\"http:\/\/laprovidenciaovalle.cl\/colegio\/wp-content\/uploads\/2020\/12\/IMG_1782-683x1024.jpg\" class=\"attachment-large size-large\" alt=\"\" loading=\"lazy\" srcset=\"http:\/\/laprovidenciaovalle.cl\/colegio\/wp-content\/uploads\/2020\/12\/IMG_1782-683x1024.jpg 683w, http:\/\/laprovidenciaovalle.cl\/colegio\/wp-content\/uploads\/2020\/12\/IMG_1782-200x300.jpg 200w, http:\/\/laprovidenciaovalle.cl\/colegio\/wp-content\/uploads\/2020\/12\/IMG_1782-768x1152.jpg 768w, http:\/\/laprovidenciaovalle.cl\/colegio\/wp-content\/uploads\/2020\/12\/IMG_1782-1024x1536.jpg 1024w, http:\/\/laprovidenciaovalle.cl\/colegio\/wp-content\/uploads\/2020\/12\/IMG_1782-1365x2048.jpg 1365w, http:\/\/laprovidenciaovalle.cl\/colegio\/wp-content\/uploads\/2020\/12\/IMG_1782-100x150.jpg 100w, http:\/\/laprovidenciaovalle.cl\/colegio\/wp-content\/uploads\/2020\/12\/IMG_1782-scaled.jpg 1707w\" sizes=\"(max-width: 683px) 100vw, 683px\" \/><\/a>\n\t\t\t<\/dt><\/dl><br style=\"clear: both\" \/><dl class='gallery-item'>\n\t\t\t<dt class='gallery-icon portrait'>\n\t\t\t\t<a href='http:\/\/laprovidenciaovalle.cl\/colegio\/img_1783\/'><img width=\"683\" height=\"1024\" src=\"http:\/\/laprovidenciaovalle.cl\/colegio\/wp-content\/uploads\/2020\/12\/IMG_1783-683x1024.jpg\" class=\"attachment-large size-large\" alt=\"\" loading=\"lazy\" srcset=\"http:\/\/laprovidenciaovalle.cl\/colegio\/wp-content\/uploads\/2020\/12\/IMG_1783-683x1024.jpg 683w, http:\/\/laprovidenciaovalle.cl\/colegio\/wp-content\/uploads\/2020\/12\/IMG_1783-200x300.jpg 200w, http:\/\/laprovidenciaovalle.cl\/colegio\/wp-content\/uploads\/2020\/12\/IMG_1783-768x1152.jpg 768w, http:\/\/laprovidenciaovalle.cl\/colegio\/wp-content\/uploads\/2020\/12\/IMG_1783-1024x1536.jpg 1024w, http:\/\/laprovidenciaovalle.cl\/colegio\/wp-content\/uploads\/2020\/12\/IMG_1783-1365x2048.jpg 1365w, http:\/\/laprovidenciaovalle.cl\/colegio\/wp-content\/uploads\/2020\/12\/IMG_1783-100x150.jpg 100w, http:\/\/laprovidenciaovalle.cl\/colegio\/wp-content\/uploads\/2020\/12\/IMG_1783-scaled.jpg 1707w\" sizes=\"(max-width: 683px) 100vw, 683px\" \/><\/a>\n\t\t\t<\/dt><\/dl><dl class='gallery-item'>\n\t\t\t<dt class='gallery-icon portrait'>\n\t\t\t\t<a href='http:\/\/laprovidenciaovalle.cl\/colegio\/img_1789\/'><img width=\"683\" height=\"1024\" src=\"http:\/\/laprovidenciaovalle.cl\/colegio\/wp-content\/uploads\/2020\/12\/IMG_1789-683x1024.jpg\" class=\"attachment-large size-large\" alt=\"\" loading=\"lazy\" srcset=\"http:\/\/laprovidenciaovalle.cl\/colegio\/wp-content\/uploads\/2020\/12\/IMG_1789-683x1024.jpg 683w, http:\/\/laprovidenciaovalle.cl\/colegio\/wp-content\/uploads\/2020\/12\/IMG_1789-200x300.jpg 200w, http:\/\/laprovidenciaovalle.cl\/colegio\/wp-content\/uploads\/2020\/12\/IMG_1789-768x1152.jpg 768w, http:\/\/laprovidenciaovalle.cl\/colegio\/wp-content\/uploads\/2020\/12\/IMG_1789-1024x1536.jpg 1024w, http:\/\/laprovidenciaovalle.cl\/colegio\/wp-content\/uploads\/2020\/12\/IMG_1789-1365x2048.jpg 1365w, http:\/\/laprovidenciaovalle.cl\/colegio\/wp-content\/uploads\/2020\/12\/IMG_1789-100x150.jpg 100w, http:\/\/laprovidenciaovalle.cl\/colegio\/wp-content\/uploads\/2020\/12\/IMG_1789-scaled.jpg 1707w\" sizes=\"(max-width: 683px) 100vw, 683px\" \/><\/a>\n\t\t\t<\/dt><\/dl><dl class='gallery-item'>\n\t\t\t<dt class='gallery-icon portrait'>\n\t\t\t\t<a href='http:\/\/laprovidenciaovalle.cl\/colegio\/img_1790\/'><img width=\"683\" height=\"1024\" src=\"http:\/\/laprovidenciaovalle.cl\/colegio\/wp-content\/uploads\/2020\/12\/IMG_1790-683x1024.jpg\" class=\"attachment-large size-large\" alt=\"\" loading=\"lazy\" srcset=\"http:\/\/laprovidenciaovalle.cl\/colegio\/wp-content\/uploads\/2020\/12\/IMG_1790-683x1024.jpg 683w, http:\/\/laprovidenciaovalle.cl\/colegio\/wp-content\/uploads\/2020\/12\/IMG_1790-200x300.jpg 200w, http:\/\/laprovidenciaovalle.cl\/colegio\/wp-content\/uploads\/2020\/12\/IMG_1790-768x1152.jpg 768w, http:\/\/laprovidenciaovalle.cl\/colegio\/wp-content\/uploads\/2020\/12\/IMG_1790-1024x1536.jpg 1024w, http:\/\/laprovidenciaovalle.cl\/colegio\/wp-content\/uploads\/2020\/12\/IMG_1790-1365x2048.jpg 1365w, http:\/\/laprovidenciaovalle.cl\/colegio\/wp-content\/uploads\/2020\/12\/IMG_1790-100x150.jpg 100w, http:\/\/laprovidenciaovalle.cl\/colegio\/wp-content\/uploads\/2020\/12\/IMG_1790-scaled.jpg 1707w\" sizes=\"(max-width: 683px) 100vw, 683px\" \/><\/a>\n\t\t\t<\/dt><\/dl><br style=\"clear: both\" \/><dl class='gallery-item'>\n\t\t\t<dt class='gallery-icon portrait'>\n\t\t\t\t<a href='http:\/\/laprovidenciaovalle.cl\/colegio\/img_1784\/'><img width=\"683\" height=\"1024\" src=\"http:\/\/laprovidenciaovalle.cl\/colegio\/wp-content\/uploads\/2020\/12\/IMG_1784-683x1024.jpg\" class=\"attachment-large size-large\" alt=\"\" loading=\"lazy\" srcset=\"http:\/\/laprovidenciaovalle.cl\/colegio\/wp-content\/uploads\/2020\/12\/IMG_1784-683x1024.jpg 683w, http:\/\/laprovidenciaovalle.cl\/colegio\/wp-content\/uploads\/2020\/12\/IMG_1784-200x300.jpg 200w, http:\/\/laprovidenciaovalle.cl\/colegio\/wp-content\/uploads\/2020\/12\/IMG_1784-768x1152.jpg 768w, http:\/\/laprovidenciaovalle.cl\/colegio\/wp-content\/uploads\/2020\/12\/IMG_1784-1024x1536.jpg 1024w, http:\/\/laprovidenciaovalle.cl\/colegio\/wp-content\/uploads\/2020\/12\/IMG_1784-1365x2048.jpg 1365w, http:\/\/laprovidenciaovalle.cl\/colegio\/wp-content\/uploads\/2020\/12\/IMG_1784-100x150.jpg 100w, http:\/\/laprovidenciaovalle.cl\/colegio\/wp-content\/uploads\/2020\/12\/IMG_1784-scaled.jpg 1707w\" sizes=\"(max-width: 683px) 100vw, 683px\" \/><\/a>\n\t\t\t<\/dt><\/dl><dl class='gallery-item'>\n\t\t\t<dt class='gallery-icon portrait'>\n\t\t\t\t<a href='http:\/\/laprovidenciaovalle.cl\/colegio\/img_1791\/'><img width=\"683\" height=\"1024\" src=\"http:\/\/laprovidenciaovalle.cl\/colegio\/wp-content\/uploads\/2020\/12\/IMG_1791-683x1024.jpg\" class=\"attachment-large size-large\" alt=\"\" loading=\"lazy\" srcset=\"http:\/\/laprovidenciaovalle.cl\/colegio\/wp-content\/uploads\/2020\/12\/IMG_1791-683x1024.jpg 683w, http:\/\/laprovidenciaovalle.cl\/colegio\/wp-content\/uploads\/2020\/12\/IMG_1791-200x300.jpg 200w, http:\/\/laprovidenciaovalle.cl\/colegio\/wp-content\/uploads\/2020\/12\/IMG_1791-768x1152.jpg 768w, http:\/\/laprovidenciaovalle.cl\/colegio\/wp-content\/uploads\/2020\/12\/IMG_1791-1024x1536.jpg 1024w, http:\/\/laprovidenciaovalle.cl\/colegio\/wp-content\/uploads\/2020\/12\/IMG_1791-1365x2048.jpg 1365w, http:\/\/laprovidenciaovalle.cl\/colegio\/wp-content\/uploads\/2020\/12\/IMG_1791-100x150.jpg 100w, http:\/\/laprovidenciaovalle.cl\/colegio\/wp-content\/uploads\/2020\/12\/IMG_1791-scaled.jpg 1707w\" sizes=\"(max-width: 683px) 100vw, 683px\" \/><\/a>\n\t\t\t<\/dt><\/dl><dl class='gallery-item'>\n\t\t\t<dt class='gallery-icon portrait'>\n\t\t\t\t<a href='http:\/\/laprovidenciaovalle.cl\/colegio\/img_1792\/'><img width=\"683\" height=\"1024\" src=\"http:\/\/laprovidenciaovalle.cl\/colegio\/wp-content\/uploads\/2020\/12\/IMG_1792-683x1024.jpg\" class=\"attachment-large size-large\" alt=\"\" loading=\"lazy\" srcset=\"http:\/\/laprovidenciaovalle.cl\/colegio\/wp-content\/uploads\/2020\/12\/IMG_1792-683x1024.jpg 683w, http:\/\/laprovidenciaovalle.cl\/colegio\/wp-content\/uploads\/2020\/12\/IMG_1792-200x300.jpg 200w, http:\/\/laprovidenciaovalle.cl\/colegio\/wp-content\/uploads\/2020\/12\/IMG_1792-768x1152.jpg 768w, http:\/\/laprovidenciaovalle.cl\/colegio\/wp-content\/uploads\/2020\/12\/IMG_1792-1024x1536.jpg 1024w, http:\/\/laprovidenciaovalle.cl\/colegio\/wp-content\/uploads\/2020\/12\/IMG_1792-1365x2048.jpg 1365w, http:\/\/laprovidenciaovalle.cl\/colegio\/wp-content\/uploads\/2020\/12\/IMG_1792-100x150.jpg 100w, http:\/\/laprovidenciaovalle.cl\/colegio\/wp-content\/uploads\/2020\/12\/IMG_1792-scaled.jpg 1707w\" sizes=\"(max-width: 683px) 100vw, 683px\" \/><\/a>\n\t\t\t<\/dt><\/dl><br style=\"clear: both\" \/><dl class='gallery-item'>\n\t\t\t<dt class='gallery-icon landscape'>\n\t\t\t\t<a href='http:\/\/laprovidenciaovalle.cl\/colegio\/img_1793\/'><img width=\"1024\" height=\"683\" src=\"http:\/\/laprovidenciaovalle.cl\/colegio\/wp-content\/uploads\/2020\/12\/IMG_1793-1024x683.jpg\" class=\"attachment-large size-large\" alt=\"\" loading=\"lazy\" srcset=\"http:\/\/laprovidenciaovalle.cl\/colegio\/wp-content\/uploads\/2020\/12\/IMG_1793-1024x683.jpg 1024w, http:\/\/laprovidenciaovalle.cl\/colegio\/wp-content\/uploads\/2020\/12\/IMG_1793-300x200.jpg 300w, http:\/\/laprovidenciaovalle.cl\/colegio\/wp-content\/uploads\/2020\/12\/IMG_1793-768x512.jpg 768w, http:\/\/laprovidenciaovalle.cl\/colegio\/wp-content\/uploads\/2020\/12\/IMG_1793-1536x1024.jpg 1536w, http:\/\/laprovidenciaovalle.cl\/colegio\/wp-content\/uploads\/2020\/12\/IMG_1793-2048x1365.jpg 2048w, http:\/\/laprovidenciaovalle.cl\/colegio\/wp-content\/uploads\/2020\/12\/IMG_1793-150x100.jpg 150w\" sizes=\"(max-width: 1024px) 100vw, 1024px\" \/><\/a>\n\t\t\t<\/dt><\/dl><dl class='gallery-item'>\n\t\t\t<dt class='gallery-icon portrait'>\n\t\t\t\t<a href='http:\/\/laprovidenciaovalle.cl\/colegio\/img_1795\/'><img width=\"683\" height=\"1024\" src=\"http:\/\/laprovidenciaovalle.cl\/colegio\/wp-content\/uploads\/2020\/12\/IMG_1795-683x1024.jpg\" class=\"attachment-large size-large\" alt=\"\" loading=\"lazy\" srcset=\"http:\/\/laprovidenciaovalle.cl\/colegio\/wp-content\/uploads\/2020\/12\/IMG_1795-683x1024.jpg 683w, http:\/\/laprovidenciaovalle.cl\/colegio\/wp-content\/uploads\/2020\/12\/IMG_1795-200x300.jpg 200w, http:\/\/laprovidenciaovalle.cl\/colegio\/wp-content\/uploads\/2020\/12\/IMG_1795-768x1152.jpg 768w, http:\/\/laprovidenciaovalle.cl\/colegio\/wp-content\/uploads\/2020\/12\/IMG_1795-1024x1536.jpg 1024w, http:\/\/laprovidenciaovalle.cl\/colegio\/wp-content\/uploads\/2020\/12\/IMG_1795-1365x2048.jpg 1365w, http:\/\/laprovidenciaovalle.cl\/colegio\/wp-content\/uploads\/2020\/12\/IMG_1795-100x150.jpg 100w, http:\/\/laprovidenciaovalle.cl\/colegio\/wp-content\/uploads\/2020\/12\/IMG_1795-scaled.jpg 1707w\" sizes=\"(max-width: 683px) 100vw, 683px\" \/><\/a>\n\t\t\t<\/dt><\/dl><dl class='gallery-item'>\n\t\t\t<dt class='gallery-icon landscape'>\n\t\t\t\t<a href='http:\/\/laprovidenciaovalle.cl\/colegio\/img_1796\/'><img width=\"1024\" height=\"683\" src=\"http:\/\/laprovidenciaovalle.cl\/colegio\/wp-content\/uploads\/2020\/12\/IMG_1796-1024x683.jpg\" class=\"attachment-large size-large\" alt=\"\" loading=\"lazy\" srcset=\"http:\/\/laprovidenciaovalle.cl\/colegio\/wp-content\/uploads\/2020\/12\/IMG_1796-1024x683.jpg 1024w, http:\/\/laprovidenciaovalle.cl\/colegio\/wp-content\/uploads\/2020\/12\/IMG_1796-300x200.jpg 300w, http:\/\/laprovidenciaovalle.cl\/colegio\/wp-content\/uploads\/2020\/12\/IMG_1796-768x512.jpg 768w, http:\/\/laprovidenciaovalle.cl\/colegio\/wp-content\/uploads\/2020\/12\/IMG_1796-1536x1024.jpg 1536w, http:\/\/laprovidenciaovalle.cl\/colegio\/wp-content\/uploads\/2020\/12\/IMG_1796-2048x1365.jpg 2048w, http:\/\/laprovidenciaovalle.cl\/colegio\/wp-content\/uploads\/2020\/12\/IMG_1796-150x100.jpg 150w\" sizes=\"(max-width: 1024px) 100vw, 1024px\" \/><\/a>\n\t\t\t<\/dt><\/dl><br style=\"clear: both\" \/><dl class='gallery-item'>\n\t\t\t<dt class='gallery-icon portrait'>\n\t\t\t\t<a href='http:\/\/laprovidenciaovalle.cl\/colegio\/img_1797\/'><img width=\"683\" height=\"1024\" src=\"http:\/\/laprovidenciaovalle.cl\/colegio\/wp-content\/uploads\/2020\/12\/IMG_1797-683x1024.jpg\" class=\"attachment-large size-large\" alt=\"\" loading=\"lazy\" srcset=\"http:\/\/laprovidenciaovalle.cl\/colegio\/wp-content\/uploads\/2020\/12\/IMG_1797-683x1024.jpg 683w, http:\/\/laprovidenciaovalle.cl\/colegio\/wp-content\/uploads\/2020\/12\/IMG_1797-200x300.jpg 200w, http:\/\/laprovidenciaovalle.cl\/colegio\/wp-content\/uploads\/2020\/12\/IMG_1797-768x1152.jpg 768w, http:\/\/laprovidenciaovalle.cl\/colegio\/wp-content\/uploads\/2020\/12\/IMG_1797-1024x1536.jpg 1024w, http:\/\/laprovidenciaovalle.cl\/colegio\/wp-content\/uploads\/2020\/12\/IMG_1797-1365x2048.jpg 1365w, http:\/\/laprovidenciaovalle.cl\/colegio\/wp-content\/uploads\/2020\/12\/IMG_1797-100x150.jpg 100w, http:\/\/laprovidenciaovalle.cl\/colegio\/wp-content\/uploads\/2020\/12\/IMG_1797-scaled.jpg 1707w\" sizes=\"(max-width: 683px) 100vw, 683px\" \/><\/a>\n\t\t\t<\/dt><\/dl><dl class='gallery-item'>\n\t\t\t<dt class='gallery-icon landscape'>\n\t\t\t\t<a href='http:\/\/laprovidenciaovalle.cl\/colegio\/img_1798\/'><img width=\"1024\" height=\"683\" src=\"http:\/\/laprovidenciaovalle.cl\/colegio\/wp-content\/uploads\/2020\/12\/IMG_1798-1024x683.jpg\" class=\"attachment-large size-large\" alt=\"\" loading=\"lazy\" srcset=\"http:\/\/laprovidenciaovalle.cl\/colegio\/wp-content\/uploads\/2020\/12\/IMG_1798-1024x683.jpg 1024w, http:\/\/laprovidenciaovalle.cl\/colegio\/wp-content\/uploads\/2020\/12\/IMG_1798-300x200.jpg 300w, http:\/\/laprovidenciaovalle.cl\/colegio\/wp-content\/uploads\/2020\/12\/IMG_1798-768x512.jpg 768w, http:\/\/laprovidenciaovalle.cl\/colegio\/wp-content\/uploads\/2020\/12\/IMG_1798-1536x1024.jpg 1536w, http:\/\/laprovidenciaovalle.cl\/colegio\/wp-content\/uploads\/2020\/12\/IMG_1798-2048x1365.jpg 2048w, http:\/\/laprovidenciaovalle.cl\/colegio\/wp-content\/uploads\/2020\/12\/IMG_1798-150x100.jpg 150w\" sizes=\"(max-width: 1024px) 100vw, 1024px\" \/><\/a>\n\t\t\t<\/dt><\/dl><dl class='gallery-item'>\n\t\t\t<dt class='gallery-icon landscape'>\n\t\t\t\t<a href='http:\/\/laprovidenciaovalle.cl\/colegio\/img_1799\/'><img width=\"1024\" height=\"683\" src=\"http:\/\/laprovidenciaovalle.cl\/colegio\/wp-content\/uploads\/2020\/12\/IMG_1799-1024x683.jpg\" class=\"attachment-large size-large\" alt=\"\" loading=\"lazy\" srcset=\"http:\/\/laprovidenciaovalle.cl\/colegio\/wp-content\/uploads\/2020\/12\/IMG_1799-1024x683.jpg 1024w, http:\/\/laprovidenciaovalle.cl\/colegio\/wp-content\/uploads\/2020\/12\/IMG_1799-300x200.jpg 300w, http:\/\/laprovidenciaovalle.cl\/colegio\/wp-content\/uploads\/2020\/12\/IMG_1799-768x512.jpg 768w, http:\/\/laprovidenciaovalle.cl\/colegio\/wp-content\/uploads\/2020\/12\/IMG_1799-1536x1024.jpg 1536w, http:\/\/laprovidenciaovalle.cl\/colegio\/wp-content\/uploads\/2020\/12\/IMG_1799-2048x1365.jpg 2048w, http:\/\/laprovidenciaovalle.cl\/colegio\/wp-content\/uploads\/2020\/12\/IMG_1799-150x100.jpg 150w\" sizes=\"(max-width: 1024px) 100vw, 1024px\" \/><\/a>\n\t\t\t<\/dt><\/dl><br style=\"clear: both\" \/><dl class='gallery-item'>\n\t\t\t<dt class='gallery-icon portrait'>\n\t\t\t\t<a href='http:\/\/laprovidenciaovalle.cl\/colegio\/img_1802\/'><img width=\"683\" height=\"1024\" src=\"http:\/\/laprovidenciaovalle.cl\/colegio\/wp-content\/uploads\/2020\/12\/IMG_1802-683x1024.jpg\" class=\"attachment-large size-large\" alt=\"\" loading=\"lazy\" srcset=\"http:\/\/laprovidenciaovalle.cl\/colegio\/wp-content\/uploads\/2020\/12\/IMG_1802-683x1024.jpg 683w, http:\/\/laprovidenciaovalle.cl\/colegio\/wp-content\/uploads\/2020\/12\/IMG_1802-200x300.jpg 200w, http:\/\/laprovidenciaovalle.cl\/colegio\/wp-content\/uploads\/2020\/12\/IMG_1802-768x1152.jpg 768w, http:\/\/laprovidenciaovalle.cl\/colegio\/wp-content\/uploads\/2020\/12\/IMG_1802-1024x1536.jpg 1024w, http:\/\/laprovidenciaovalle.cl\/colegio\/wp-content\/uploads\/2020\/12\/IMG_1802-1365x2048.jpg 1365w, http:\/\/laprovidenciaovalle.cl\/colegio\/wp-content\/uploads\/2020\/12\/IMG_1802-100x150.jpg 100w, http:\/\/laprovidenciaovalle.cl\/colegio\/wp-content\/uploads\/2020\/12\/IMG_1802-scaled.jpg 1707w\" sizes=\"(max-width: 683px) 100vw, 683px\" \/><\/a>\n\t\t\t<\/dt><\/dl><dl class='gallery-item'>\n\t\t\t<dt class='gallery-icon portrait'>\n\t\t\t\t<a href='http:\/\/laprovidenciaovalle.cl\/colegio\/img_1803\/'><img width=\"683\" height=\"1024\" src=\"http:\/\/laprovidenciaovalle.cl\/colegio\/wp-content\/uploads\/2020\/12\/IMG_1803-683x1024.jpg\" class=\"attachment-large size-large\" alt=\"\" loading=\"lazy\" srcset=\"http:\/\/laprovidenciaovalle.cl\/colegio\/wp-content\/uploads\/2020\/12\/IMG_1803-683x1024.jpg 683w, http:\/\/laprovidenciaovalle.cl\/colegio\/wp-content\/uploads\/2020\/12\/IMG_1803-200x300.jpg 200w, http:\/\/laprovidenciaovalle.cl\/colegio\/wp-content\/uploads\/2020\/12\/IMG_1803-768x1152.jpg 768w, http:\/\/laprovidenciaovalle.cl\/colegio\/wp-content\/uploads\/2020\/12\/IMG_1803-1024x1536.jpg 1024w, http:\/\/laprovidenciaovalle.cl\/colegio\/wp-content\/uploads\/2020\/12\/IMG_1803-1365x2048.jpg 1365w, http:\/\/laprovidenciaovalle.cl\/colegio\/wp-content\/uploads\/2020\/12\/IMG_1803-100x150.jpg 100w, http:\/\/laprovidenciaovalle.cl\/colegio\/wp-content\/uploads\/2020\/12\/IMG_1803-scaled.jpg 1707w\" sizes=\"(max-width: 683px) 100vw, 683px\" \/><\/a>\n\t\t\t<\/dt><\/dl><dl class='gallery-item'>\n\t\t\t<dt class='gallery-icon landscape'>\n\t\t\t\t<a href='http:\/\/laprovidenciaovalle.cl\/colegio\/img_1804\/'><img width=\"1024\" height=\"683\" src=\"http:\/\/laprovidenciaovalle.cl\/colegio\/wp-content\/uploads\/2020\/12\/IMG_1804-1024x683.jpg\" class=\"attachment-large size-large\" alt=\"\" loading=\"lazy\" srcset=\"http:\/\/laprovidenciaovalle.cl\/colegio\/wp-content\/uploads\/2020\/12\/IMG_1804-1024x683.jpg 1024w, http:\/\/laprovidenciaovalle.cl\/colegio\/wp-content\/uploads\/2020\/12\/IMG_1804-300x200.jpg 300w, http:\/\/laprovidenciaovalle.cl\/colegio\/wp-content\/uploads\/2020\/12\/IMG_1804-768x512.jpg 768w, http:\/\/laprovidenciaovalle.cl\/colegio\/wp-content\/uploads\/2020\/12\/IMG_1804-1536x1024.jpg 1536w, http:\/\/laprovidenciaovalle.cl\/colegio\/wp-content\/uploads\/2020\/12\/IMG_1804-2048x1365.jpg 2048w, http:\/\/laprovidenciaovalle.cl\/colegio\/wp-content\/uploads\/2020\/12\/IMG_1804-150x100.jpg 150w\" sizes=\"(max-width: 1024px) 100vw, 1024px\" \/><\/a>\n\t\t\t<\/dt><\/dl><br style=\"clear: both\" \/><dl class='gallery-item'>\n\t\t\t<dt class='gallery-icon portrait'>\n\t\t\t\t<a href='http:\/\/laprovidenciaovalle.cl\/colegio\/img_1805\/'><img width=\"683\" height=\"1024\" src=\"http:\/\/laprovidenciaovalle.cl\/colegio\/wp-content\/uploads\/2020\/12\/IMG_1805-683x1024.jpg\" class=\"attachment-large size-large\" alt=\"\" loading=\"lazy\" srcset=\"http:\/\/laprovidenciaovalle.cl\/colegio\/wp-content\/uploads\/2020\/12\/IMG_1805-683x1024.jpg 683w, http:\/\/laprovidenciaovalle.cl\/colegio\/wp-content\/uploads\/2020\/12\/IMG_1805-200x300.jpg 200w, http:\/\/laprovidenciaovalle.cl\/colegio\/wp-content\/uploads\/2020\/12\/IMG_1805-768x1152.jpg 768w, http:\/\/laprovidenciaovalle.cl\/colegio\/wp-content\/uploads\/2020\/12\/IMG_1805-1024x1536.jpg 1024w, http:\/\/laprovidenciaovalle.cl\/colegio\/wp-content\/uploads\/2020\/12\/IMG_1805-1365x2048.jpg 1365w, http:\/\/laprovidenciaovalle.cl\/colegio\/wp-content\/uploads\/2020\/12\/IMG_1805-100x150.jpg 100w, http:\/\/laprovidenciaovalle.cl\/colegio\/wp-content\/uploads\/2020\/12\/IMG_1805-scaled.jpg 1707w\" sizes=\"(max-width: 683px) 100vw, 683px\" \/><\/a>\n\t\t\t<\/dt><\/dl>\n\t\t\t<br style='clear: both' \/>\n\t\t<\/div>\n\n","protected":false},"excerpt":{"rendered":"<p>El d\u00eda mi\u00e9rcoles 30 de diciembre se realiz\u00f3 una ceremonia de reconocimeinto a nuestras estudiantes destacadas por nivel, sello providencia por nivel, ganadoras microcuentos en pandemia y concurso de pintura. Agradecemos enormemente el espir\u00edtu y entusiasmo en participar en cada una de nuestras actividades. Felicidades<\/p>\n","protected":false},"author":5,"featured_media":3985,"comment_status":"closed","ping_status":"closed","sticky":false,"template":"","format":"standard","meta":[],"categories":[40],"tags":[],"yoast_head":"<!-- This site is optimized with the Yoast SEO plugin v15.2 - https:\/\/yoast.com\/wordpress\/plugins\/seo\/ -->\n<title>Ceremonia de Reconocimiento 2020 - Colegio La Providencia<\/title>\n<meta name=\"robots\" content=\"index, follow, max-snippet:-1, max-image-preview:large, max-video-preview:-1\" \/>\n<link rel=\"canonical\" href=\"https:\/\/laprovidenciaovalle.cl\/colegio\/ceremonia-de-reconocimiento-2020\/\" \/>\n<meta property=\"og:locale\" content=\"es_ES\" \/>\n<meta property=\"og:type\" content=\"article\" \/>\n<meta property=\"og:title\" content=\"Ceremonia de Reconocimiento 2020 - Colegio La Providencia\" \/>\n<meta property=\"og:description\" content=\"El d\u00eda mi\u00e9rcoles 30 de diciembre se realiz\u00f3 una ceremonia de reconocimeinto a nuestras estudiantes destacadas por nivel, sello providencia por nivel, ganadoras microcuentos en pandemia y concurso de pintura. Agradecemos enormemente el espir\u00edtu y entusiasmo en participar en cada una de nuestras actividades. Felicidades\" \/>\n<meta property=\"og:url\" content=\"https:\/\/laprovidenciaovalle.cl\/colegio\/ceremonia-de-reconocimiento-2020\/\" \/>\n<meta property=\"og:site_name\" content=\"Colegio La Providencia\" \/>\n<meta property=\"article:published_time\" content=\"2020-12-31T19:52:11+00:00\" \/>\n<meta property=\"article:modified_time\" content=\"2021-01-01T23:05:11+00:00\" \/>\n<meta property=\"og:image\" content=\"http:\/\/laprovidenciaovalle.cl\/colegio\/wp-content\/uploads\/2020\/12\/IMG_1793-scaled.jpg\" \/>\n\t<meta property=\"og:image:width\" content=\"2560\" \/>\n\t<meta property=\"og:image:height\" content=\"1707\" \/>\n<meta name=\"twitter:card\" content=\"summary_large_image\" \/>\n<meta name=\"twitter:label1\" value=\"Escrito por\">\n\t<meta name=\"twitter:data1\" value=\"Comunicaciones Colegio\">\n\t<meta name=\"twitter:label2\" value=\"Tiempo de lectura\">\n\t<meta name=\"twitter:data2\" value=\"0 minutos\">\n<script type=\"application\/ld+json\" class=\"yoast-schema-graph\">{\"@context\":\"https:\/\/schema.org\",\"@graph\":[{\"@type\":\"WebSite\",\"@id\":\"http:\/\/laprovidenciaovalle.cl\/colegio\/#website\",\"url\":\"http:\/\/laprovidenciaovalle.cl\/colegio\/\",\"name\":\"Colegio La Providencia\",\"description\":\"Ovalle\",\"potentialAction\":[{\"@type\":\"SearchAction\",\"target\":\"http:\/\/laprovidenciaovalle.cl\/colegio\/?s={search_term_string}\",\"query-input\":\"required name=search_term_string\"}],\"inLanguage\":\"es\"},{\"@type\":\"ImageObject\",\"@id\":\"https:\/\/laprovidenciaovalle.cl\/colegio\/ceremonia-de-reconocimiento-2020\/#primaryimage\",\"inLanguage\":\"es\",\"url\":\"http:\/\/laprovidenciaovalle.cl\/colegio\/wp-content\/uploads\/2020\/12\/IMG_1793-scaled.jpg\",\"width\":2560,\"height\":1707},{\"@type\":\"WebPage\",\"@id\":\"https:\/\/laprovidenciaovalle.cl\/colegio\/ceremonia-de-reconocimiento-2020\/#webpage\",\"url\":\"https:\/\/laprovidenciaovalle.cl\/colegio\/ceremonia-de-reconocimiento-2020\/\",\"name\":\"Ceremonia de Reconocimiento 2020 - Colegio La Providencia\",\"isPartOf\":{\"@id\":\"http:\/\/laprovidenciaovalle.cl\/colegio\/#website\"},\"primaryImageOfPage\":{\"@id\":\"https:\/\/laprovidenciaovalle.cl\/colegio\/ceremonia-de-reconocimiento-2020\/#primaryimage\"},\"datePublished\":\"2020-12-31T19:52:11+00:00\",\"dateModified\":\"2021-01-01T23:05:11+00:00\",\"author\":{\"@id\":\"http:\/\/laprovidenciaovalle.cl\/colegio\/#\/schema\/person\/1035f45cd35e1948fb928fcdc74228fe\"},\"inLanguage\":\"es\",\"potentialAction\":[{\"@type\":\"ReadAction\",\"target\":[\"https:\/\/laprovidenciaovalle.cl\/colegio\/ceremonia-de-reconocimiento-2020\/\"]}]},{\"@type\":\"Person\",\"@id\":\"http:\/\/laprovidenciaovalle.cl\/colegio\/#\/schema\/person\/1035f45cd35e1948fb928fcdc74228fe\",\"name\":\"Comunicaciones Colegio\",\"image\":{\"@type\":\"ImageObject\",\"@id\":\"http:\/\/laprovidenciaovalle.cl\/colegio\/#personlogo\",\"inLanguage\":\"es\",\"url\":\"http:\/\/2.gravatar.com\/avatar\/5d0b6f6fbda2852def0dc3e63e38d319?s=96&d=mm&r=g\",\"caption\":\"Comunicaciones Colegio\"}}]}<\/script>\n<!-- \/ Yoast SEO plugin. -->","_links":{"self":[{"href":"http:\/\/laprovidenciaovalle.cl\/colegio\/wp-json\/wp\/v2\/posts\/3995"}],"collection":[{"href":"http:\/\/laprovidenciaovalle.cl\/colegio\/wp-json\/wp\/v2\/posts"}],"about":[{"href":"http:\/\/laprovidenciaovalle.cl\/colegio\/wp-json\/wp\/v2\/types\/post"}],"author":[{"embeddable":true,"href":"http:\/\/laprovidenciaovalle.cl\/colegio\/wp-json\/wp\/v2\/users\/5"}],"replies":[{"embeddable":true,"href":"http:\/\/laprovidenciaovalle.cl\/colegio\/wp-json\/wp\/v2\/comments?post=3995"}],"version-history":[{"count":2,"href":"http:\/\/laprovidenciaovalle.cl\/colegio\/wp-json\/wp\/v2\/posts\/3995\/revisions"}],"predecessor-version":[{"id":3997,"href":"http:\/\/laprovidenciaovalle.cl\/colegio\/wp-json\/wp\/v2\/posts\/3995\/revisions\/3997"}],"wp:featuredmedia":[{"embeddable":true,"href":"http:\/\/laprovidenciaovalle.cl\/colegio\/wp-json\/wp\/v2\/media\/3985"}],"wp:attachment":[{"href":"http:\/\/laprovidenciaovalle.cl\/colegio\/wp-json\/wp\/v2\/media?parent=3995"}],"wp:term":[{"taxonomy":"category","embeddable":true,"href":"http:\/\/laprovidenciaovalle.cl\/colegio\/wp-json\/wp\/v2\/categories?post=3995"},{"taxonomy":"post_tag","embeddable":true,"href":"http:\/\/laprovidenciaovalle.cl\/colegio\/wp-json\/wp\/v2\/tags?post=3995"}],"curies":[{"name":"wp","href":"https:\/\/api.w.org\/{rel}","templated":true}]}}