{"id":8974,"date":"2023-03-20T13:11:23","date_gmt":"2023-03-20T16:11:23","guid":{"rendered":"http:\/\/laprovidenciaovalle.cl\/colegio\/?p=8974"},"modified":"2023-03-20T13:11:34","modified_gmt":"2023-03-20T16:11:34","slug":"recreos-entretenidos-una-estrategia-para-mejorar-la-convivencia-escolar","status":"publish","type":"post","link":"http:\/\/laprovidenciaovalle.cl\/colegio\/recreos-entretenidos-una-estrategia-para-mejorar-la-convivencia-escolar\/","title":{"rendered":"Recreos entretenidos, una estrategia para mejorar la Convivencia Escolar"},"content":{"rendered":"<p>Convivencia Escolar realiza una intervenci\u00f3n directa de los recreos , realizando actividades l\u00fadicas adecuadas a las estudiantes, con la participaci\u00f3n de la comunidad educativa.<\/p>\n<p>El recreo no es s\u00f3lo un tiempo para descansar. Es un momento educativo con muchos componentes psicomotrices, sociales, creativos y sobre todo relacionales que inciden directamente en el desarrollo de la personalidad del<br \/>\nalumnado. Por lo cual, la implementaci\u00f3n y realizaci\u00f3n de juegos en horas de recreos es una estrategia pertinente que busca implementar el Equipo de Convivencia Escolar.<\/p>\n<p>Esperamos que estas instancias se sigan dando en beneficio de la Sana Convivencia de nuestra comunidad educativa.<\/p>\n<p><img loading=\"lazy\" class=\"alignnone size-medium wp-image-8975\" src=\"http:\/\/laprovidenciaovalle.cl\/colegio\/wp-content\/uploads\/2023\/03\/20230320_113133-300x225.jpg\" alt=\"\" width=\"300\" height=\"225\" srcset=\"http:\/\/laprovidenciaovalle.cl\/colegio\/wp-content\/uploads\/2023\/03\/20230320_113133-300x225.jpg 300w, http:\/\/laprovidenciaovalle.cl\/colegio\/wp-content\/uploads\/2023\/03\/20230320_113133-1024x768.jpg 1024w, http:\/\/laprovidenciaovalle.cl\/colegio\/wp-content\/uploads\/2023\/03\/20230320_113133-768x576.jpg 768w, http:\/\/laprovidenciaovalle.cl\/colegio\/wp-content\/uploads\/2023\/03\/20230320_113133-1536x1152.jpg 1536w, http:\/\/laprovidenciaovalle.cl\/colegio\/wp-content\/uploads\/2023\/03\/20230320_113133-2048x1536.jpg 2048w, http:\/\/laprovidenciaovalle.cl\/colegio\/wp-content\/uploads\/2023\/03\/20230320_113133-150x113.jpg 150w\" sizes=\"(max-width: 300px) 100vw, 300px\" \/> <img loading=\"lazy\" class=\"alignnone size-medium wp-image-8976\" src=\"http:\/\/laprovidenciaovalle.cl\/colegio\/wp-content\/uploads\/2023\/03\/20230320_113148-300x225.jpg\" alt=\"\" width=\"300\" height=\"225\" srcset=\"http:\/\/laprovidenciaovalle.cl\/colegio\/wp-content\/uploads\/2023\/03\/20230320_113148-300x225.jpg 300w, http:\/\/laprovidenciaovalle.cl\/colegio\/wp-content\/uploads\/2023\/03\/20230320_113148-1024x768.jpg 1024w, http:\/\/laprovidenciaovalle.cl\/colegio\/wp-content\/uploads\/2023\/03\/20230320_113148-768x576.jpg 768w, http:\/\/laprovidenciaovalle.cl\/colegio\/wp-content\/uploads\/2023\/03\/20230320_113148-1536x1152.jpg 1536w, http:\/\/laprovidenciaovalle.cl\/colegio\/wp-content\/uploads\/2023\/03\/20230320_113148-2048x1536.jpg 2048w, http:\/\/laprovidenciaovalle.cl\/colegio\/wp-content\/uploads\/2023\/03\/20230320_113148-150x113.jpg 150w\" sizes=\"(max-width: 300px) 100vw, 300px\" \/> <img loading=\"lazy\" class=\"alignnone size-medium wp-image-8978\" src=\"http:\/\/laprovidenciaovalle.cl\/colegio\/wp-content\/uploads\/2023\/03\/20230320_113227-300x225.jpg\" alt=\"\" width=\"300\" height=\"225\" srcset=\"http:\/\/laprovidenciaovalle.cl\/colegio\/wp-content\/uploads\/2023\/03\/20230320_113227-300x225.jpg 300w, http:\/\/laprovidenciaovalle.cl\/colegio\/wp-content\/uploads\/2023\/03\/20230320_113227-1024x768.jpg 1024w, http:\/\/laprovidenciaovalle.cl\/colegio\/wp-content\/uploads\/2023\/03\/20230320_113227-768x576.jpg 768w, http:\/\/laprovidenciaovalle.cl\/colegio\/wp-content\/uploads\/2023\/03\/20230320_113227-1536x1152.jpg 1536w, http:\/\/laprovidenciaovalle.cl\/colegio\/wp-content\/uploads\/2023\/03\/20230320_113227-2048x1536.jpg 2048w, http:\/\/laprovidenciaovalle.cl\/colegio\/wp-content\/uploads\/2023\/03\/20230320_113227-150x113.jpg 150w\" sizes=\"(max-width: 300px) 100vw, 300px\" \/> <img loading=\"lazy\" class=\"alignnone size-medium wp-image-8979\" src=\"http:\/\/laprovidenciaovalle.cl\/colegio\/wp-content\/uploads\/2023\/03\/20230320_113240-300x225.jpg\" alt=\"\" width=\"300\" height=\"225\" srcset=\"http:\/\/laprovidenciaovalle.cl\/colegio\/wp-content\/uploads\/2023\/03\/20230320_113240-300x225.jpg 300w, http:\/\/laprovidenciaovalle.cl\/colegio\/wp-content\/uploads\/2023\/03\/20230320_113240-1024x768.jpg 1024w, http:\/\/laprovidenciaovalle.cl\/colegio\/wp-content\/uploads\/2023\/03\/20230320_113240-768x576.jpg 768w, http:\/\/laprovidenciaovalle.cl\/colegio\/wp-content\/uploads\/2023\/03\/20230320_113240-1536x1152.jpg 1536w, http:\/\/laprovidenciaovalle.cl\/colegio\/wp-content\/uploads\/2023\/03\/20230320_113240-2048x1536.jpg 2048w, http:\/\/laprovidenciaovalle.cl\/colegio\/wp-content\/uploads\/2023\/03\/20230320_113240-150x113.jpg 150w\" sizes=\"(max-width: 300px) 100vw, 300px\" \/> <img loading=\"lazy\" class=\"alignnone size-medium wp-image-8980\" src=\"http:\/\/laprovidenciaovalle.cl\/colegio\/wp-content\/uploads\/2023\/03\/20230320_113242-300x225.jpg\" alt=\"\" width=\"300\" height=\"225\" srcset=\"http:\/\/laprovidenciaovalle.cl\/colegio\/wp-content\/uploads\/2023\/03\/20230320_113242-300x225.jpg 300w, http:\/\/laprovidenciaovalle.cl\/colegio\/wp-content\/uploads\/2023\/03\/20230320_113242-1024x768.jpg 1024w, http:\/\/laprovidenciaovalle.cl\/colegio\/wp-content\/uploads\/2023\/03\/20230320_113242-768x576.jpg 768w, http:\/\/laprovidenciaovalle.cl\/colegio\/wp-content\/uploads\/2023\/03\/20230320_113242-1536x1152.jpg 1536w, http:\/\/laprovidenciaovalle.cl\/colegio\/wp-content\/uploads\/2023\/03\/20230320_113242-2048x1536.jpg 2048w, http:\/\/laprovidenciaovalle.cl\/colegio\/wp-content\/uploads\/2023\/03\/20230320_113242-150x113.jpg 150w\" sizes=\"(max-width: 300px) 100vw, 300px\" \/> <img loading=\"lazy\" class=\"alignnone size-medium wp-image-8981\" src=\"http:\/\/laprovidenciaovalle.cl\/colegio\/wp-content\/uploads\/2023\/03\/20230320_113304-225x300.jpg\" alt=\"\" width=\"225\" height=\"300\" srcset=\"http:\/\/laprovidenciaovalle.cl\/colegio\/wp-content\/uploads\/2023\/03\/20230320_113304-225x300.jpg 225w, http:\/\/laprovidenciaovalle.cl\/colegio\/wp-content\/uploads\/2023\/03\/20230320_113304-768x1024.jpg 768w, http:\/\/laprovidenciaovalle.cl\/colegio\/wp-content\/uploads\/2023\/03\/20230320_113304-1152x1536.jpg 1152w, http:\/\/laprovidenciaovalle.cl\/colegio\/wp-content\/uploads\/2023\/03\/20230320_113304-1536x2048.jpg 1536w, http:\/\/laprovidenciaovalle.cl\/colegio\/wp-content\/uploads\/2023\/03\/20230320_113304-113x150.jpg 113w, http:\/\/laprovidenciaovalle.cl\/colegio\/wp-content\/uploads\/2023\/03\/20230320_113304-scaled.jpg 1920w\" sizes=\"(max-width: 225px) 100vw, 225px\" \/> <img loading=\"lazy\" class=\"alignnone size-medium wp-image-8982\" src=\"http:\/\/laprovidenciaovalle.cl\/colegio\/wp-content\/uploads\/2023\/03\/20230320_113306-225x300.jpg\" alt=\"\" width=\"225\" height=\"300\" srcset=\"http:\/\/laprovidenciaovalle.cl\/colegio\/wp-content\/uploads\/2023\/03\/20230320_113306-225x300.jpg 225w, http:\/\/laprovidenciaovalle.cl\/colegio\/wp-content\/uploads\/2023\/03\/20230320_113306-768x1024.jpg 768w, http:\/\/laprovidenciaovalle.cl\/colegio\/wp-content\/uploads\/2023\/03\/20230320_113306-1152x1536.jpg 1152w, http:\/\/laprovidenciaovalle.cl\/colegio\/wp-content\/uploads\/2023\/03\/20230320_113306-1536x2048.jpg 1536w, http:\/\/laprovidenciaovalle.cl\/colegio\/wp-content\/uploads\/2023\/03\/20230320_113306-113x150.jpg 113w, http:\/\/laprovidenciaovalle.cl\/colegio\/wp-content\/uploads\/2023\/03\/20230320_113306-scaled.jpg 1920w\" sizes=\"(max-width: 225px) 100vw, 225px\" \/> <img loading=\"lazy\" class=\"alignnone size-medium wp-image-8983\" src=\"http:\/\/laprovidenciaovalle.cl\/colegio\/wp-content\/uploads\/2023\/03\/20230320_113115-300x225.jpg\" alt=\"\" width=\"300\" height=\"225\" srcset=\"http:\/\/laprovidenciaovalle.cl\/colegio\/wp-content\/uploads\/2023\/03\/20230320_113115-300x225.jpg 300w, http:\/\/laprovidenciaovalle.cl\/colegio\/wp-content\/uploads\/2023\/03\/20230320_113115-1024x768.jpg 1024w, http:\/\/laprovidenciaovalle.cl\/colegio\/wp-content\/uploads\/2023\/03\/20230320_113115-768x576.jpg 768w, http:\/\/laprovidenciaovalle.cl\/colegio\/wp-content\/uploads\/2023\/03\/20230320_113115-1536x1152.jpg 1536w, http:\/\/laprovidenciaovalle.cl\/colegio\/wp-content\/uploads\/2023\/03\/20230320_113115-2048x1536.jpg 2048w, http:\/\/laprovidenciaovalle.cl\/colegio\/wp-content\/uploads\/2023\/03\/20230320_113115-150x113.jpg 150w\" sizes=\"(max-width: 300px) 100vw, 300px\" \/><\/p>\n","protected":false},"excerpt":{"rendered":"<p>Convivencia Escolar realiza una intervenci\u00f3n directa de los recreos , realizando actividades l\u00fadicas adecuadas a las estudiantes, con la participaci\u00f3n de la comunidad educativa. El recreo no es s\u00f3lo un tiempo para descansar. Es un momento educativo con muchos componentes psicomotrices, sociales, creativos y sobre todo relacionales que inciden directamente en el desarrollo de la personalidad del alumnado. Por lo&nbsp;<a href=\"http:\/\/laprovidenciaovalle.cl\/colegio\/recreos-entretenidos-una-estrategia-para-mejorar-la-convivencia-escolar\/\">[&hellip;]<\/a><\/p>\n","protected":false},"author":5,"featured_media":8975,"comment_status":"closed","ping_status":"closed","sticky":false,"template":"","format":"standard","meta":[],"categories":[16],"tags":[],"yoast_head":"<!-- This site is optimized with the Yoast SEO plugin v15.2 - https:\/\/yoast.com\/wordpress\/plugins\/seo\/ -->\n<title>Recreos entretenidos, una estrategia para mejorar la Convivencia Escolar - Colegio La Providencia<\/title>\n<meta name=\"robots\" content=\"index, follow, max-snippet:-1, max-image-preview:large, max-video-preview:-1\" \/>\n<link rel=\"canonical\" href=\"http:\/\/laprovidenciaovalle.cl\/colegio\/recreos-entretenidos-una-estrategia-para-mejorar-la-convivencia-escolar\/\" \/>\n<meta property=\"og:locale\" content=\"es_ES\" \/>\n<meta property=\"og:type\" content=\"article\" \/>\n<meta property=\"og:title\" content=\"Recreos entretenidos, una estrategia para mejorar la Convivencia Escolar - Colegio La Providencia\" \/>\n<meta property=\"og:description\" content=\"Convivencia Escolar realiza una intervenci\u00f3n directa de los recreos , realizando actividades l\u00fadicas adecuadas a las estudiantes, con la participaci\u00f3n de la comunidad educativa. El recreo no es s\u00f3lo un tiempo para descansar. Es un momento educativo con muchos componentes psicomotrices, sociales, creativos y sobre todo relacionales que inciden directamente en el desarrollo de la personalidad del alumnado. Por lo&nbsp;[&hellip;]\" \/>\n<meta property=\"og:url\" content=\"http:\/\/laprovidenciaovalle.cl\/colegio\/recreos-entretenidos-una-estrategia-para-mejorar-la-convivencia-escolar\/\" \/>\n<meta property=\"og:site_name\" content=\"Colegio La Providencia\" \/>\n<meta property=\"article:published_time\" content=\"2023-03-20T16:11:23+00:00\" \/>\n<meta property=\"article:modified_time\" content=\"2023-03-20T16:11:34+00:00\" \/>\n<meta property=\"og:image\" content=\"http:\/\/laprovidenciaovalle.cl\/colegio\/wp-content\/uploads\/2023\/03\/20230320_113133-scaled.jpg\" \/>\n\t<meta property=\"og:image:width\" content=\"2560\" \/>\n\t<meta property=\"og:image:height\" content=\"1920\" \/>\n<meta name=\"twitter:card\" content=\"summary_large_image\" \/>\n<meta name=\"twitter:label1\" value=\"Escrito por\">\n\t<meta name=\"twitter:data1\" value=\"Comunicaciones Colegio\">\n\t<meta name=\"twitter:label2\" value=\"Tiempo de lectura\">\n\t<meta name=\"twitter:data2\" value=\"0 minutos\">\n<script type=\"application\/ld+json\" class=\"yoast-schema-graph\">{\"@context\":\"https:\/\/schema.org\",\"@graph\":[{\"@type\":\"WebSite\",\"@id\":\"https:\/\/laprovidenciaovalle.cl\/colegio\/#website\",\"url\":\"https:\/\/laprovidenciaovalle.cl\/colegio\/\",\"name\":\"Colegio La Providencia\",\"description\":\"Ovalle\",\"potentialAction\":[{\"@type\":\"SearchAction\",\"target\":\"https:\/\/laprovidenciaovalle.cl\/colegio\/?s={search_term_string}\",\"query-input\":\"required name=search_term_string\"}],\"inLanguage\":\"es\"},{\"@type\":\"ImageObject\",\"@id\":\"http:\/\/laprovidenciaovalle.cl\/colegio\/recreos-entretenidos-una-estrategia-para-mejorar-la-convivencia-escolar\/#primaryimage\",\"inLanguage\":\"es\",\"url\":\"http:\/\/laprovidenciaovalle.cl\/colegio\/wp-content\/uploads\/2023\/03\/20230320_113133-scaled.jpg\",\"width\":2560,\"height\":1920},{\"@type\":\"WebPage\",\"@id\":\"http:\/\/laprovidenciaovalle.cl\/colegio\/recreos-entretenidos-una-estrategia-para-mejorar-la-convivencia-escolar\/#webpage\",\"url\":\"http:\/\/laprovidenciaovalle.cl\/colegio\/recreos-entretenidos-una-estrategia-para-mejorar-la-convivencia-escolar\/\",\"name\":\"Recreos entretenidos, una estrategia para mejorar la Convivencia Escolar - Colegio La Providencia\",\"isPartOf\":{\"@id\":\"https:\/\/laprovidenciaovalle.cl\/colegio\/#website\"},\"primaryImageOfPage\":{\"@id\":\"http:\/\/laprovidenciaovalle.cl\/colegio\/recreos-entretenidos-una-estrategia-para-mejorar-la-convivencia-escolar\/#primaryimage\"},\"datePublished\":\"2023-03-20T16:11:23+00:00\",\"dateModified\":\"2023-03-20T16:11:34+00:00\",\"author\":{\"@id\":\"https:\/\/laprovidenciaovalle.cl\/colegio\/#\/schema\/person\/1035f45cd35e1948fb928fcdc74228fe\"},\"inLanguage\":\"es\",\"potentialAction\":[{\"@type\":\"ReadAction\",\"target\":[\"http:\/\/laprovidenciaovalle.cl\/colegio\/recreos-entretenidos-una-estrategia-para-mejorar-la-convivencia-escolar\/\"]}]},{\"@type\":\"Person\",\"@id\":\"https:\/\/laprovidenciaovalle.cl\/colegio\/#\/schema\/person\/1035f45cd35e1948fb928fcdc74228fe\",\"name\":\"Comunicaciones Colegio\",\"image\":{\"@type\":\"ImageObject\",\"@id\":\"https:\/\/laprovidenciaovalle.cl\/colegio\/#personlogo\",\"inLanguage\":\"es\",\"url\":\"http:\/\/2.gravatar.com\/avatar\/5d0b6f6fbda2852def0dc3e63e38d319?s=96&d=mm&r=g\",\"caption\":\"Comunicaciones Colegio\"}}]}<\/script>\n<!-- \/ Yoast SEO plugin. -->","_links":{"self":[{"href":"http:\/\/laprovidenciaovalle.cl\/colegio\/wp-json\/wp\/v2\/posts\/8974"}],"collection":[{"href":"http:\/\/laprovidenciaovalle.cl\/colegio\/wp-json\/wp\/v2\/posts"}],"about":[{"href":"http:\/\/laprovidenciaovalle.cl\/colegio\/wp-json\/wp\/v2\/types\/post"}],"author":[{"embeddable":true,"href":"http:\/\/laprovidenciaovalle.cl\/colegio\/wp-json\/wp\/v2\/users\/5"}],"replies":[{"embeddable":true,"href":"http:\/\/laprovidenciaovalle.cl\/colegio\/wp-json\/wp\/v2\/comments?post=8974"}],"version-history":[{"count":1,"href":"http:\/\/laprovidenciaovalle.cl\/colegio\/wp-json\/wp\/v2\/posts\/8974\/revisions"}],"predecessor-version":[{"id":8984,"href":"http:\/\/laprovidenciaovalle.cl\/colegio\/wp-json\/wp\/v2\/posts\/8974\/revisions\/8984"}],"wp:featuredmedia":[{"embeddable":true,"href":"http:\/\/laprovidenciaovalle.cl\/colegio\/wp-json\/wp\/v2\/media\/8975"}],"wp:attachment":[{"href":"http:\/\/laprovidenciaovalle.cl\/colegio\/wp-json\/wp\/v2\/media?parent=8974"}],"wp:term":[{"taxonomy":"category","embeddable":true,"href":"http:\/\/laprovidenciaovalle.cl\/colegio\/wp-json\/wp\/v2\/categories?post=8974"},{"taxonomy":"post_tag","embeddable":true,"href":"http:\/\/laprovidenciaovalle.cl\/colegio\/wp-json\/wp\/v2\/tags?post=8974"}],"curies":[{"name":"wp","href":"https:\/\/api.w.org\/{rel}","templated":true}]}}