{"id":25485,"date":"2026-09-01T08:18:02","date_gmt":"2026-09-01T12:18:02","guid":{"rendered":"http:\/\/laprovidenciaovalle.cl\/colegio\/?p=25485"},"modified":"2026-09-01T08:18:02","modified_gmt":"2026-09-01T12:18:02","slug":"calendario-medioambiental","status":"publish","type":"post","link":"https:\/\/laprovidenciaovalle.cl\/colegio\/calendario-medioambiental\/","title":{"rendered":"Calendario Medioambiental"},"content":{"rendered":"<p>\u00a1El compromiso con nuestro entorno no se detiene!<\/p>\n<p>Desde el Comit\u00e9 de Medio Ambiente de nuestro colegio compartimos el Calendario Ambiental para el \u00faltimo cuatrimestre del a\u00f1o (Septiembre &#8211; Diciembre).<\/p>\n<p>En \u00e9l encontrar\u00e1s las fechas claves durante estos meses para seguir construyendo una comunidad educativa m\u00e1s sustentable y consciente.<\/p>\n<p>Revisa las fechas<\/p>\n<p>S\u00famate en casa: Cada peque\u00f1a acci\u00f3n cuenta, conversen estas fechas en familia.<\/p>\n<p>Difunde: Comparte este contenido para que el mensaje llegue a m\u00e1s personas.<\/p>\n<p>Cuidar el planeta es un trabajo de todos los d\u00edas.<\/p>\n<p>\u00a1Contamos con tu energ\u00eda y entusiasmo para cerrar este a\u00f1o con un gran impacto positivo!<\/p>\n<p><img loading=\"lazy\" class=\"alignnone wp-image-25486 size-large\" src=\"http:\/\/laprovidenciaovalle.cl\/colegio\/wp-content\/uploads\/2026\/09\/Green-and-Yellow-Illustrated-Environmental-Awareness-Poster-Post-de-Instagram-45-819x1024.png\" alt=\"\" width=\"819\" height=\"1024\" srcset=\"https:\/\/laprovidenciaovalle.cl\/colegio\/wp-content\/uploads\/2026\/09\/Green-and-Yellow-Illustrated-Environmental-Awareness-Poster-Post-de-Instagram-45-819x1024.png 819w, https:\/\/laprovidenciaovalle.cl\/colegio\/wp-content\/uploads\/2026\/09\/Green-and-Yellow-Illustrated-Environmental-Awareness-Poster-Post-de-Instagram-45-240x300.png 240w, https:\/\/laprovidenciaovalle.cl\/colegio\/wp-content\/uploads\/2026\/09\/Green-and-Yellow-Illustrated-Environmental-Awareness-Poster-Post-de-Instagram-45-768x960.png 768w, https:\/\/laprovidenciaovalle.cl\/colegio\/wp-content\/uploads\/2026\/09\/Green-and-Yellow-Illustrated-Environmental-Awareness-Poster-Post-de-Instagram-45-120x150.png 120w, https:\/\/laprovidenciaovalle.cl\/colegio\/wp-content\/uploads\/2026\/09\/Green-and-Yellow-Illustrated-Environmental-Awareness-Poster-Post-de-Instagram-45.png 1080w\" sizes=\"(max-width: 819px) 100vw, 819px\" \/><\/p>\n","protected":false},"excerpt":{"rendered":"<p>\u00a1El compromiso con nuestro entorno no se detiene! Desde el Comit\u00e9 de Medio Ambiente de nuestro colegio compartimos el Calendario Ambiental para el \u00faltimo cuatrimestre del a\u00f1o (Septiembre &#8211; Diciembre). En \u00e9l encontrar\u00e1s las fechas claves durante estos meses para seguir construyendo una comunidad educativa m\u00e1s sustentable y consciente. Revisa las fechas S\u00famate en casa: Cada peque\u00f1a acci\u00f3n cuenta, conversen&nbsp;<a href=\"https:\/\/laprovidenciaovalle.cl\/colegio\/calendario-medioambiental\/\">[&hellip;]<\/a><\/p>\n","protected":false},"author":5,"featured_media":25487,"comment_status":"closed","ping_status":"closed","sticky":false,"template":"","format":"standard","meta":[],"categories":[40],"tags":[],"yoast_head":"<!-- This site is optimized with the Yoast SEO plugin v15.2 - https:\/\/yoast.com\/wordpress\/plugins\/seo\/ -->\n<title>Calendario Medioambiental - Colegio La Providencia<\/title>\n<meta name=\"robots\" content=\"index, follow, max-snippet:-1, max-image-preview:large, max-video-preview:-1\" \/>\n<link rel=\"canonical\" href=\"http:\/\/laprovidenciaovalle.cl\/colegio\/calendario-medioambiental\/\" \/>\n<meta property=\"og:locale\" content=\"es_ES\" \/>\n<meta property=\"og:type\" content=\"article\" \/>\n<meta property=\"og:title\" content=\"Calendario Medioambiental - Colegio La Providencia\" \/>\n<meta property=\"og:description\" content=\"\u00a1El compromiso con nuestro entorno no se detiene! Desde el Comit\u00e9 de Medio Ambiente de nuestro colegio compartimos el Calendario Ambiental para el \u00faltimo cuatrimestre del a\u00f1o (Septiembre &#8211; Diciembre). En \u00e9l encontrar\u00e1s las fechas claves durante estos meses para seguir construyendo una comunidad educativa m\u00e1s sustentable y consciente. Revisa las fechas S\u00famate en casa: Cada peque\u00f1a acci\u00f3n cuenta, conversen&nbsp;[&hellip;]\" \/>\n<meta property=\"og:url\" content=\"http:\/\/laprovidenciaovalle.cl\/colegio\/calendario-medioambiental\/\" \/>\n<meta property=\"og:site_name\" content=\"Colegio La Providencia\" \/>\n<meta property=\"article:published_time\" content=\"2026-09-01T12:18:02+00:00\" \/>\n<meta property=\"og:image\" content=\"https:\/\/laprovidenciaovalle.cl\/colegio\/wp-content\/uploads\/2026\/09\/Green-and-Yellow-Illustrated-Environmental-Awareness-Poster-Portada-de-Facebook.png\" \/>\n\t<meta property=\"og:image:width\" content=\"851\" \/>\n\t<meta property=\"og:image:height\" content=\"315\" \/>\n<meta name=\"twitter:card\" content=\"summary_large_image\" \/>\n<meta name=\"twitter:label1\" value=\"Escrito por\">\n\t<meta name=\"twitter:data1\" value=\"Comunicaciones Colegio\">\n\t<meta name=\"twitter:label2\" value=\"Tiempo de lectura\">\n\t<meta name=\"twitter:data2\" value=\"0 minutos\">\n<script type=\"application\/ld+json\" class=\"yoast-schema-graph\">{\"@context\":\"https:\/\/schema.org\",\"@graph\":[{\"@type\":\"WebSite\",\"@id\":\"https:\/\/laprovidenciaovalle.cl\/colegio\/#website\",\"url\":\"https:\/\/laprovidenciaovalle.cl\/colegio\/\",\"name\":\"Colegio La Providencia\",\"description\":\"Ovalle\",\"potentialAction\":[{\"@type\":\"SearchAction\",\"target\":\"https:\/\/laprovidenciaovalle.cl\/colegio\/?s={search_term_string}\",\"query-input\":\"required name=search_term_string\"}],\"inLanguage\":\"es\"},{\"@type\":\"ImageObject\",\"@id\":\"http:\/\/laprovidenciaovalle.cl\/colegio\/calendario-medioambiental\/#primaryimage\",\"inLanguage\":\"es\",\"url\":\"https:\/\/laprovidenciaovalle.cl\/colegio\/wp-content\/uploads\/2026\/09\/Green-and-Yellow-Illustrated-Environmental-Awareness-Poster-Portada-de-Facebook.png\",\"width\":851,\"height\":315},{\"@type\":\"WebPage\",\"@id\":\"http:\/\/laprovidenciaovalle.cl\/colegio\/calendario-medioambiental\/#webpage\",\"url\":\"http:\/\/laprovidenciaovalle.cl\/colegio\/calendario-medioambiental\/\",\"name\":\"Calendario Medioambiental - Colegio La Providencia\",\"isPartOf\":{\"@id\":\"https:\/\/laprovidenciaovalle.cl\/colegio\/#website\"},\"primaryImageOfPage\":{\"@id\":\"http:\/\/laprovidenciaovalle.cl\/colegio\/calendario-medioambiental\/#primaryimage\"},\"datePublished\":\"2026-09-01T12:18:02+00:00\",\"dateModified\":\"2026-09-01T12:18:02+00:00\",\"author\":{\"@id\":\"https:\/\/laprovidenciaovalle.cl\/colegio\/#\/schema\/person\/1035f45cd35e1948fb928fcdc74228fe\"},\"inLanguage\":\"es\",\"potentialAction\":[{\"@type\":\"ReadAction\",\"target\":[\"http:\/\/laprovidenciaovalle.cl\/colegio\/calendario-medioambiental\/\"]}]},{\"@type\":\"Person\",\"@id\":\"https:\/\/laprovidenciaovalle.cl\/colegio\/#\/schema\/person\/1035f45cd35e1948fb928fcdc74228fe\",\"name\":\"Comunicaciones Colegio\",\"image\":{\"@type\":\"ImageObject\",\"@id\":\"https:\/\/laprovidenciaovalle.cl\/colegio\/#personlogo\",\"inLanguage\":\"es\",\"url\":\"https:\/\/secure.gravatar.com\/avatar\/5d0b6f6fbda2852def0dc3e63e38d319?s=96&d=mm&r=g\",\"caption\":\"Comunicaciones Colegio\"}}]}<\/script>\n<!-- \/ Yoast SEO plugin. -->","_links":{"self":[{"href":"https:\/\/laprovidenciaovalle.cl\/colegio\/wp-json\/wp\/v2\/posts\/25485"}],"collection":[{"href":"https:\/\/laprovidenciaovalle.cl\/colegio\/wp-json\/wp\/v2\/posts"}],"about":[{"href":"https:\/\/laprovidenciaovalle.cl\/colegio\/wp-json\/wp\/v2\/types\/post"}],"author":[{"embeddable":true,"href":"https:\/\/laprovidenciaovalle.cl\/colegio\/wp-json\/wp\/v2\/users\/5"}],"replies":[{"embeddable":true,"href":"https:\/\/laprovidenciaovalle.cl\/colegio\/wp-json\/wp\/v2\/comments?post=25485"}],"version-history":[{"count":1,"href":"https:\/\/laprovidenciaovalle.cl\/colegio\/wp-json\/wp\/v2\/posts\/25485\/revisions"}],"predecessor-version":[{"id":25488,"href":"https:\/\/laprovidenciaovalle.cl\/colegio\/wp-json\/wp\/v2\/posts\/25485\/revisions\/25488"}],"wp:featuredmedia":[{"embeddable":true,"href":"https:\/\/laprovidenciaovalle.cl\/colegio\/wp-json\/wp\/v2\/media\/25487"}],"wp:attachment":[{"href":"https:\/\/laprovidenciaovalle.cl\/colegio\/wp-json\/wp\/v2\/media?parent=25485"}],"wp:term":[{"taxonomy":"category","embeddable":true,"href":"https:\/\/laprovidenciaovalle.cl\/colegio\/wp-json\/wp\/v2\/categories?post=25485"},{"taxonomy":"post_tag","embeddable":true,"href":"https:\/\/laprovidenciaovalle.cl\/colegio\/wp-json\/wp\/v2\/tags?post=25485"}],"curies":[{"name":"wp","href":"https:\/\/api.w.org\/{rel}","templated":true}]}}