{"id":25493,"date":"2026-09-02T12:19:42","date_gmt":"2026-09-02T16:19:42","guid":{"rendered":"http:\/\/laprovidenciaovalle.cl\/colegio\/?p=25493"},"modified":"2026-09-02T12:19:42","modified_gmt":"2026-09-02T16:19:42","slug":"jornada-de-padres-y-apoderados-educar-desde-la-calma","status":"publish","type":"post","link":"https:\/\/laprovidenciaovalle.cl\/colegio\/jornada-de-padres-y-apoderados-educar-desde-la-calma\/","title":{"rendered":"Jornada de Padres y Apoderados \u201cEducar desde la Calma\u201d"},"content":{"rendered":"<p>Estimada Comunidad Educativa,<\/p>\n<p>Junto con saludarles cordialmente, invitamos a los padres, madres y apoderados de 7\u00b0 B\u00e1sico a 4\u00b0 Medio a participar en la Jornada de Padres, una instancia formativa previa a nuestra reuni\u00f3n de apoderados, organizada por el Equipo de Convivencia Educativa en conjunto con los psic\u00f3logos del Programa de Integraci\u00f3n Escolar (PIE).<\/p>\n<p>Esta actividad busca brindar herramientas pr\u00e1cticas para el acompa\u00f1amiento en el hogar, abordando tem\u00e1ticas clave para la crianza y el desarrollo socioemocional de nuestras y nuestros estudiantes.<\/p>\n<p><strong>Detalles de la Actividad<\/strong><\/p>\n<p>Nombre de la Jornada: \u201cEducar desde la Calma\u201d<\/p>\n<p>Subtemas: Regulaci\u00f3n emocional, gesti\u00f3n saludable de las emociones y resoluci\u00f3n de conflictos en la crianza.<\/p>\n<p>Frase de reflexi\u00f3n: \u201cLo que nuestros hijos aprenden de nosotros no siempre est\u00e1 en lo que decimos, sino en c\u00f3mo reaccionamos.\u201d<\/p>\n<p>Fecha: Lunes 7 de septiembre 2026<\/p>\n<p>Horario: 15:30 a 17:00 horas<\/p>\n<p>Dirigido a: Padres y\/o apoderados de 7\u00b0 B\u00e1sico a 4\u00b0 Medio<\/p>\n<p><strong>Objetivo de la Jornada<\/strong><br \/>\nFortalecer las competencias socioemocionales de padres y apoderados, promoviendo estrategias de regulaci\u00f3n emocional, gesti\u00f3n saludable de las emociones y resoluci\u00f3n constructiva de conflictos que puedan ser transferidas a las pr\u00e1cticas cotidianas de crianza.<\/p>\n<p><strong>Distribuci\u00f3n por Cursos y Espacios<\/strong><br \/>\nPara desarrollar un trabajo reflexivo y colaborativo, la jornada se realizar\u00e1 de manera simult\u00e1nea en tres espacios del colegio:<\/p>\n<p>Espacio 1 \u2014 Biblioteca: Apoderados de 8\u00b0 B\u00e1sicos y 2\u00b0 Medios<\/p>\n<p>Espacio 2 \u2014 Sala de Estudios del Internado: Apoderados de 7\u00b0 B\u00e1sicos y 1\u00b0 Medios<\/p>\n<p>Espacio 3 \u2014 Sal\u00f3n de Conferencias: Apoderados de 3\u00b0 y 4\u00b0 Medios<\/p>\n<p>Agradecemos desde ya su puntualidad y valiosa asistencia a esta importante jornada orientada al bienestar de nuestras familias y estudiantes.<\/p>\n<p>Equipo de Convivencia Escolar &amp; Psic\u00f3logos PIE<\/p>\n<p>Colegio Providencia Ovalle<\/p>\n<p><img loading=\"lazy\" class=\"alignnone wp-image-25494 size-large\" src=\"http:\/\/laprovidenciaovalle.cl\/colegio\/wp-content\/uploads\/2026\/09\/1-819x1024.png\" alt=\"\" width=\"819\" height=\"1024\" srcset=\"https:\/\/laprovidenciaovalle.cl\/colegio\/wp-content\/uploads\/2026\/09\/1-819x1024.png 819w, https:\/\/laprovidenciaovalle.cl\/colegio\/wp-content\/uploads\/2026\/09\/1-240x300.png 240w, https:\/\/laprovidenciaovalle.cl\/colegio\/wp-content\/uploads\/2026\/09\/1-768x960.png 768w, https:\/\/laprovidenciaovalle.cl\/colegio\/wp-content\/uploads\/2026\/09\/1-120x150.png 120w, https:\/\/laprovidenciaovalle.cl\/colegio\/wp-content\/uploads\/2026\/09\/1.png 1080w\" sizes=\"(max-width: 819px) 100vw, 819px\" \/><\/p>\n","protected":false},"excerpt":{"rendered":"<p>Estimada Comunidad Educativa, Junto con saludarles cordialmente, invitamos a los padres, madres y apoderados de 7\u00b0 B\u00e1sico a 4\u00b0 Medio a participar en la Jornada de Padres, una instancia formativa previa a nuestra reuni\u00f3n de apoderados, organizada por el Equipo de Convivencia Educativa en conjunto con los psic\u00f3logos del Programa de Integraci\u00f3n Escolar (PIE). Esta actividad busca brindar herramientas pr\u00e1cticas&nbsp;<a href=\"https:\/\/laprovidenciaovalle.cl\/colegio\/jornada-de-padres-y-apoderados-educar-desde-la-calma\/\">[&hellip;]<\/a><\/p>\n","protected":false},"author":5,"featured_media":25494,"comment_status":"closed","ping_status":"closed","sticky":false,"template":"","format":"standard","meta":[],"categories":[40],"tags":[],"yoast_head":"<!-- This site is optimized with the Yoast SEO plugin v15.2 - https:\/\/yoast.com\/wordpress\/plugins\/seo\/ -->\n<title>Jornada de Padres y Apoderados \u201cEducar desde la Calma\u201d - Colegio La Providencia<\/title>\n<meta name=\"robots\" content=\"index, follow, max-snippet:-1, max-image-preview:large, max-video-preview:-1\" \/>\n<link rel=\"canonical\" href=\"http:\/\/laprovidenciaovalle.cl\/colegio\/jornada-de-padres-y-apoderados-educar-desde-la-calma\/\" \/>\n<meta property=\"og:locale\" content=\"es_ES\" \/>\n<meta property=\"og:type\" content=\"article\" \/>\n<meta property=\"og:title\" content=\"Jornada de Padres y Apoderados \u201cEducar desde la Calma\u201d - Colegio La Providencia\" \/>\n<meta property=\"og:description\" content=\"Estimada Comunidad Educativa, Junto con saludarles cordialmente, invitamos a los padres, madres y apoderados de 7\u00b0 B\u00e1sico a 4\u00b0 Medio a participar en la Jornada de Padres, una instancia formativa previa a nuestra reuni\u00f3n de apoderados, organizada por el Equipo de Convivencia Educativa en conjunto con los psic\u00f3logos del Programa de Integraci\u00f3n Escolar (PIE). Esta actividad busca brindar herramientas pr\u00e1cticas&nbsp;[&hellip;]\" \/>\n<meta property=\"og:url\" content=\"http:\/\/laprovidenciaovalle.cl\/colegio\/jornada-de-padres-y-apoderados-educar-desde-la-calma\/\" \/>\n<meta property=\"og:site_name\" content=\"Colegio La Providencia\" \/>\n<meta property=\"article:published_time\" content=\"2026-09-02T16:19:42+00:00\" \/>\n<meta property=\"og:image\" content=\"https:\/\/laprovidenciaovalle.cl\/colegio\/wp-content\/uploads\/2026\/09\/1.png\" \/>\n\t<meta property=\"og:image:width\" content=\"1080\" \/>\n\t<meta property=\"og:image:height\" content=\"1350\" \/>\n<meta name=\"twitter:card\" content=\"summary_large_image\" \/>\n<meta name=\"twitter:label1\" value=\"Escrito por\">\n\t<meta name=\"twitter:data1\" value=\"Comunicaciones Colegio\">\n\t<meta name=\"twitter:label2\" value=\"Tiempo de lectura\">\n\t<meta name=\"twitter:data2\" value=\"1 minuto\">\n<script type=\"application\/ld+json\" class=\"yoast-schema-graph\">{\"@context\":\"https:\/\/schema.org\",\"@graph\":[{\"@type\":\"WebSite\",\"@id\":\"https:\/\/laprovidenciaovalle.cl\/colegio\/#website\",\"url\":\"https:\/\/laprovidenciaovalle.cl\/colegio\/\",\"name\":\"Colegio La Providencia\",\"description\":\"Ovalle\",\"potentialAction\":[{\"@type\":\"SearchAction\",\"target\":\"https:\/\/laprovidenciaovalle.cl\/colegio\/?s={search_term_string}\",\"query-input\":\"required name=search_term_string\"}],\"inLanguage\":\"es\"},{\"@type\":\"ImageObject\",\"@id\":\"http:\/\/laprovidenciaovalle.cl\/colegio\/jornada-de-padres-y-apoderados-educar-desde-la-calma\/#primaryimage\",\"inLanguage\":\"es\",\"url\":\"https:\/\/laprovidenciaovalle.cl\/colegio\/wp-content\/uploads\/2026\/09\/1.png\",\"width\":1080,\"height\":1350},{\"@type\":\"WebPage\",\"@id\":\"http:\/\/laprovidenciaovalle.cl\/colegio\/jornada-de-padres-y-apoderados-educar-desde-la-calma\/#webpage\",\"url\":\"http:\/\/laprovidenciaovalle.cl\/colegio\/jornada-de-padres-y-apoderados-educar-desde-la-calma\/\",\"name\":\"Jornada de Padres y Apoderados \\u201cEducar desde la Calma\\u201d - Colegio La Providencia\",\"isPartOf\":{\"@id\":\"https:\/\/laprovidenciaovalle.cl\/colegio\/#website\"},\"primaryImageOfPage\":{\"@id\":\"http:\/\/laprovidenciaovalle.cl\/colegio\/jornada-de-padres-y-apoderados-educar-desde-la-calma\/#primaryimage\"},\"datePublished\":\"2026-09-02T16:19:42+00:00\",\"dateModified\":\"2026-09-02T16:19:42+00:00\",\"author\":{\"@id\":\"https:\/\/laprovidenciaovalle.cl\/colegio\/#\/schema\/person\/1035f45cd35e1948fb928fcdc74228fe\"},\"inLanguage\":\"es\",\"potentialAction\":[{\"@type\":\"ReadAction\",\"target\":[\"http:\/\/laprovidenciaovalle.cl\/colegio\/jornada-de-padres-y-apoderados-educar-desde-la-calma\/\"]}]},{\"@type\":\"Person\",\"@id\":\"https:\/\/laprovidenciaovalle.cl\/colegio\/#\/schema\/person\/1035f45cd35e1948fb928fcdc74228fe\",\"name\":\"Comunicaciones Colegio\",\"image\":{\"@type\":\"ImageObject\",\"@id\":\"https:\/\/laprovidenciaovalle.cl\/colegio\/#personlogo\",\"inLanguage\":\"es\",\"url\":\"https:\/\/secure.gravatar.com\/avatar\/5d0b6f6fbda2852def0dc3e63e38d319?s=96&d=mm&r=g\",\"caption\":\"Comunicaciones Colegio\"}}]}<\/script>\n<!-- \/ Yoast SEO plugin. -->","_links":{"self":[{"href":"https:\/\/laprovidenciaovalle.cl\/colegio\/wp-json\/wp\/v2\/posts\/25493"}],"collection":[{"href":"https:\/\/laprovidenciaovalle.cl\/colegio\/wp-json\/wp\/v2\/posts"}],"about":[{"href":"https:\/\/laprovidenciaovalle.cl\/colegio\/wp-json\/wp\/v2\/types\/post"}],"author":[{"embeddable":true,"href":"https:\/\/laprovidenciaovalle.cl\/colegio\/wp-json\/wp\/v2\/users\/5"}],"replies":[{"embeddable":true,"href":"https:\/\/laprovidenciaovalle.cl\/colegio\/wp-json\/wp\/v2\/comments?post=25493"}],"version-history":[{"count":1,"href":"https:\/\/laprovidenciaovalle.cl\/colegio\/wp-json\/wp\/v2\/posts\/25493\/revisions"}],"predecessor-version":[{"id":25495,"href":"https:\/\/laprovidenciaovalle.cl\/colegio\/wp-json\/wp\/v2\/posts\/25493\/revisions\/25495"}],"wp:featuredmedia":[{"embeddable":true,"href":"https:\/\/laprovidenciaovalle.cl\/colegio\/wp-json\/wp\/v2\/media\/25494"}],"wp:attachment":[{"href":"https:\/\/laprovidenciaovalle.cl\/colegio\/wp-json\/wp\/v2\/media?parent=25493"}],"wp:term":[{"taxonomy":"category","embeddable":true,"href":"https:\/\/laprovidenciaovalle.cl\/colegio\/wp-json\/wp\/v2\/categories?post=25493"},{"taxonomy":"post_tag","embeddable":true,"href":"https:\/\/laprovidenciaovalle.cl\/colegio\/wp-json\/wp\/v2\/tags?post=25493"}],"curies":[{"name":"wp","href":"https:\/\/api.w.org\/{rel}","templated":true}]}}